{"id":16406,"date":"2016-03-09T17:39:28","date_gmt":"2016-03-09T17:39:28","guid":{"rendered":"https:\/\/portal.sma.gob.cl\/index.php\/2016\/03\/09\/se-inician-jornadas-de-seguimiento-ambiental\/"},"modified":"2016-03-09T17:39:28","modified_gmt":"2016-03-09T17:39:28","slug":"se-inician-jornadas-de-seguimiento-ambiental","status":"publish","type":"post","link":"https:\/\/portal.sma.gob.cl\/index.php\/se-inician-jornadas-de-seguimiento-ambiental\/","title":{"rendered":"Se inician jornadas de Seguimiento Ambiental"},"content":{"rendered":"<p><strong><img decoding=\"async\" class=\"size-auto size-full wp-image-16405\" src=\"https:\/\/portal.sma.gob.cl\/wp-content\/uploads\/2016\/03\/NOTA_TALLER.jpg\" alt=\"NOTA TALLER\" width=\"760\" height=\"360\" srcset=\"https:\/\/portal.sma.gob.cl\/wp-content\/uploads\/2016\/03\/NOTA_TALLER-200x95.jpg 200w, https:\/\/portal.sma.gob.cl\/wp-content\/uploads\/2016\/03\/NOTA_TALLER-300x142.jpg 300w, https:\/\/portal.sma.gob.cl\/wp-content\/uploads\/2016\/03\/NOTA_TALLER-400x189.jpg 400w, https:\/\/portal.sma.gob.cl\/wp-content\/uploads\/2016\/03\/NOTA_TALLER-600x284.jpg 600w, https:\/\/portal.sma.gob.cl\/wp-content\/uploads\/2016\/03\/NOTA_TALLER.jpg 760w\" sizes=\"(max-width: 760px) 100vw, 760px\" \/><\/strong><\/p>\n<p><strong>En Santiago, con la presencia de m\u00e1s de 150 profesionales del \u00e1mbito ambiental, se dio inicio al ciclo de talleres informativos de la SMA.<\/strong><\/p>\n<p>  <!--more-->  <\/p>\n<p style=\"text-align: justify;\"><strong>Santiago, 8 de marzo de 2016.<\/strong> Todo un \u00e9xito result\u00f3 la primera jornada de los talleres de seguimiento ambiental, organizados por la Divisi\u00f3n de Fiscalizaci\u00f3n de la SMA.<\/p>\n<p style=\"text-align: justify;\">La primera jornada realizada en Santiago convoc\u00f3 a m\u00e1s de 150 profesionales relacionados con el \u00e1mbito del seguimiento ambiental, sobre todo a titulares de proyectos fiscalizados por la SMA e instituciones que participan en la generaci\u00f3n de informaci\u00f3n de seguimiento ambiental.<\/p>\n<p style=\"text-align: justify;\">Durante el taller de la ma\u00f1ana se capacit\u00f3 respecto al uso de la Ventanilla \u00danica del RETC para reportar los seguimientos comprometidos en Planes de Descontaminaci\u00f3n Ambiental y Normas de Emisi\u00f3n Atmosf\u00e9ricas.<\/p>\n<p style=\"text-align: justify;\">Durante el taller de la tarde se abordaron los temas relacionados con las Entidades T\u00e9cnicas de Fiscalizaci\u00f3n Ambiental (ETFA), dirigido a titulares que tengan la obligaci\u00f3n de reportar a la SMA.<\/p>\n<p style=\"text-align: justify;\">Como parte del Programa de Encuentros para la Promoci\u00f3n al Cumplimiento, la SMA realizar\u00e1 8 talleres de seguimiento ambiental de Planes de Descontaminaci\u00f3n y Normas de Emisi\u00f3n Atmosf\u00e9ricas en distintas regiones de Chile y 3 sobre Entidades T\u00e9cnicas de Fiscalizaci\u00f3n Ambiental. Debido a la alta convocatoria, algunos de los talleres ya tienen sus cupos completos.<\/p>\n<h1 style=\"text-align: justify;\">&nbsp;<\/h1>\n<h1 style=\"text-align: justify;\">DESCARGA DE ARCHIVOS Y PRESENTACIONES<\/h1>\n<p>Para revisar la informaci\u00f3n acerca de los pr\u00f3ximos talleres, y descargar los documentos de las presentaciones, acceder al siguiente link: <a href=\"index.php\/noticias\/notas\/654-en-marzo-se-efectuaran-los-talleres-del-programa-de-encuentros-para-la-promocion-al-cumplimiento-dirigidos-a-titulares-de-proyectos\">http:\/\/www.sma.gob.cl\/index.php\/noticias\/notas\/654-en-marzo-se-efectuaran-los-talleres-del-programa-de-encuentros-para-la-promocion-al-cumplimiento-dirigidos-a-titulares-de-proyectos<\/a><\/p>\n","protected":false},"excerpt":{"rendered":"<p>En Santiago, con la presencia de m\u00e1s de 150 profesionales del \u00e1mbito ambiental, se dio inicio al ciclo de talleres informativos de la SMA.<\/p>\n","protected":false},"author":3,"featured_media":16405,"comment_status":"open","ping_status":"open","sticky":false,"template":"","format":"standard","meta":{"footnotes":""},"categories":[94],"tags":[],"class_list":["post-16406","post","type-post","status-publish","format-standard","has-post-thumbnail","hentry","category-notas-noticias"],"_links":{"self":[{"href":"https:\/\/portal.sma.gob.cl\/index.php\/wp-json\/wp\/v2\/posts\/16406","targetHints":{"allow":["GET"]}}],"collection":[{"href":"https:\/\/portal.sma.gob.cl\/index.php\/wp-json\/wp\/v2\/posts"}],"about":[{"href":"https:\/\/portal.sma.gob.cl\/index.php\/wp-json\/wp\/v2\/types\/post"}],"author":[{"embeddable":true,"href":"https:\/\/portal.sma.gob.cl\/index.php\/wp-json\/wp\/v2\/users\/3"}],"replies":[{"embeddable":true,"href":"https:\/\/portal.sma.gob.cl\/index.php\/wp-json\/wp\/v2\/comments?post=16406"}],"version-history":[{"count":0,"href":"https:\/\/portal.sma.gob.cl\/index.php\/wp-json\/wp\/v2\/posts\/16406\/revisions"}],"wp:featuredmedia":[{"embeddable":true,"href":"https:\/\/portal.sma.gob.cl\/index.php\/wp-json\/wp\/v2\/media\/16405"}],"wp:attachment":[{"href":"https:\/\/portal.sma.gob.cl\/index.php\/wp-json\/wp\/v2\/media?parent=16406"}],"wp:term":[{"taxonomy":"category","embeddable":true,"href":"https:\/\/portal.sma.gob.cl\/index.php\/wp-json\/wp\/v2\/categories?post=16406"},{"taxonomy":"post_tag","embeddable":true,"href":"https:\/\/portal.sma.gob.cl\/index.php\/wp-json\/wp\/v2\/tags?post=16406"}],"curies":[{"name":"wp","href":"https:\/\/api.w.org\/{rel}","templated":true}]}}