{"id":16413,"date":"2016-03-23T14:15:19","date_gmt":"2016-03-23T14:15:19","guid":{"rendered":"https:\/\/portal.sma.gob.cl\/index.php\/2016\/03\/23\/cuenta-publica-2015\/"},"modified":"2016-03-23T14:15:19","modified_gmt":"2016-03-23T14:15:19","slug":"cuenta-publica-2015","status":"publish","type":"post","link":"https:\/\/portal.sma.gob.cl\/index.php\/cuenta-publica-2015\/","title":{"rendered":"SMA presentar\u00e1 su Cuenta P\u00fablica 2015"},"content":{"rendered":"<p><img decoding=\"async\" class=\"size-auto size-full wp-image-16412\" src=\"https:\/\/portal.sma.gob.cl\/wp-content\/uploads\/2016\/03\/nota-cuenta.png\" alt=\"nota-cuenta\" width=\"1056\" height=\"500\" srcset=\"https:\/\/portal.sma.gob.cl\/wp-content\/uploads\/2016\/03\/nota-cuenta-200x95.png 200w, https:\/\/portal.sma.gob.cl\/wp-content\/uploads\/2016\/03\/nota-cuenta-300x142.png 300w, https:\/\/portal.sma.gob.cl\/wp-content\/uploads\/2016\/03\/nota-cuenta-400x189.png 400w, https:\/\/portal.sma.gob.cl\/wp-content\/uploads\/2016\/03\/nota-cuenta-600x284.png 600w, https:\/\/portal.sma.gob.cl\/wp-content\/uploads\/2016\/03\/nota-cuenta-768x364.png 768w, https:\/\/portal.sma.gob.cl\/wp-content\/uploads\/2016\/03\/nota-cuenta-800x379.png 800w, https:\/\/portal.sma.gob.cl\/wp-content\/uploads\/2016\/03\/nota-cuenta-1024x485.png 1024w, https:\/\/portal.sma.gob.cl\/wp-content\/uploads\/2016\/03\/nota-cuenta.png 1056w\" sizes=\"(max-width: 1056px) 100vw, 1056px\" \/><\/p>\n<p style=\"text-align: justify;\"><strong>El jueves 24 de marzo se realizar\u00e1 la Cuenta P\u00fablica Participativa de la SMA en el sal\u00f3n multimedia de la Contralor\u00eda (Teatinos 78, Santiago Centro). Adem\u00e1s, por primera vez el evento se transmitir\u00e1 v\u00eda streaming.<\/strong><\/p>\n<p>  <!--more-->  <\/p>\n<p style=\"text-align: justify;\">&nbsp;<\/p>\n<p style=\"text-align: justify;\"><strong>Santiago, 18 de marzo de 2016.<\/strong> La Superintendencia del Medio Ambiente (SMA) anuncia la realizaci\u00f3n de su Cuenta P\u00fablica Participativa 2015, a realizarse el d\u00eda jueves 24 de marzo a las 11 horas, en el sal\u00f3n multiuso de la Contralor\u00eda General de la Rep\u00fablica, ubicada en Teatinos 78, primer piso, Santiago Centro. Adicionalmente, y como una forma de acercase a\u00fan m\u00e1s a la ciudadan\u00eda,<\/p>\n<p style=\"text-align: justify;\"><span style=\"font-size: 14pt;\"><strong>el evento se transmitir\u00e1 v\u00eda streaming haciendo <a href=\"http:\/\/livestream.com\/accounts\/8521721\/events\/5013537\/player?width=560&amp;height=315&amp;autoPlay=true&amp;mute=false%22\" target=\"_blank\">CLICK AQU\u00cd<\/a>:<\/strong><\/span><\/p>\n<p style=\"text-align: justify;\">&nbsp;Para ver el evento debe conectarse el mismo d\u00eda jueves 24 de marzo a las 11.00 horas. Cabe recordar que la rendici\u00f3n de la Cuenta P\u00fablica anual se encuentra instaurada en el marco de la Ley 20.500 sobre asociaciones y participaci\u00f3n ciudadana en la Gesti\u00f3n P\u00fablica. Dicha Ley busca promover un modelo de gesti\u00f3n gubernamental que, inspirado en el Principio de Transparencia y el Derecho de Acceso a la Informaci\u00f3n P\u00fablica, profundice la democracia y fomente la confianza en la funci\u00f3n p\u00fablica sobre la base de la participaci\u00f3n y el control social; permitiendo una efectiva rendici\u00f3n de cuentas.<\/p>\n","protected":false},"excerpt":{"rendered":"<p>El jueves 24 de marzo se realizar\u00e1 la Cuenta P\u00fablica Participativa de la SMA en el sal\u00f3n multimedia de la Contralor\u00eda (Teatinos 78, Santiago Centro). Adem\u00e1s, por primera vez el evento se transmitir\u00e1 v\u00eda streaming.<\/p>\n","protected":false},"author":3,"featured_media":16412,"comment_status":"open","ping_status":"open","sticky":false,"template":"","format":"standard","meta":{"footnotes":""},"categories":[94],"tags":[],"class_list":["post-16413","post","type-post","status-publish","format-standard","has-post-thumbnail","hentry","category-notas-noticias"],"_links":{"self":[{"href":"https:\/\/portal.sma.gob.cl\/index.php\/wp-json\/wp\/v2\/posts\/16413","targetHints":{"allow":["GET"]}}],"collection":[{"href":"https:\/\/portal.sma.gob.cl\/index.php\/wp-json\/wp\/v2\/posts"}],"about":[{"href":"https:\/\/portal.sma.gob.cl\/index.php\/wp-json\/wp\/v2\/types\/post"}],"author":[{"embeddable":true,"href":"https:\/\/portal.sma.gob.cl\/index.php\/wp-json\/wp\/v2\/users\/3"}],"replies":[{"embeddable":true,"href":"https:\/\/portal.sma.gob.cl\/index.php\/wp-json\/wp\/v2\/comments?post=16413"}],"version-history":[{"count":0,"href":"https:\/\/portal.sma.gob.cl\/index.php\/wp-json\/wp\/v2\/posts\/16413\/revisions"}],"wp:featuredmedia":[{"embeddable":true,"href":"https:\/\/portal.sma.gob.cl\/index.php\/wp-json\/wp\/v2\/media\/16412"}],"wp:attachment":[{"href":"https:\/\/portal.sma.gob.cl\/index.php\/wp-json\/wp\/v2\/media?parent=16413"}],"wp:term":[{"taxonomy":"category","embeddable":true,"href":"https:\/\/portal.sma.gob.cl\/index.php\/wp-json\/wp\/v2\/categories?post=16413"},{"taxonomy":"post_tag","embeddable":true,"href":"https:\/\/portal.sma.gob.cl\/index.php\/wp-json\/wp\/v2\/tags?post=16413"}],"curies":[{"name":"wp","href":"https:\/\/api.w.org\/{rel}","templated":true}]}}