{"id":16418,"date":"2016-03-31T15:53:32","date_gmt":"2016-03-31T15:53:32","guid":{"rendered":"https:\/\/portal.sma.gob.cl\/index.php\/2016\/03\/31\/superintendente-se-reune-con-consejo-minero\/"},"modified":"2016-03-31T15:53:32","modified_gmt":"2016-03-31T15:53:32","slug":"superintendente-se-reune-con-consejo-minero","status":"publish","type":"post","link":"https:\/\/portal.sma.gob.cl\/index.php\/superintendente-se-reune-con-consejo-minero\/","title":{"rendered":"Superintendente se re\u00fane con Consejo Minero"},"content":{"rendered":"<p style=\"text-align: justify;\"><strong><img decoding=\"async\" class=\"size-auto size-full wp-image-16417\" src=\"https:\/\/portal.sma.gob.cl\/wp-content\/uploads\/2016\/03\/nota-consejo.jpg\" alt=\"nota-consejo\" width=\"760\" height=\"360\" srcset=\"https:\/\/portal.sma.gob.cl\/wp-content\/uploads\/2016\/03\/nota-consejo-200x95.jpg 200w, https:\/\/portal.sma.gob.cl\/wp-content\/uploads\/2016\/03\/nota-consejo-300x142.jpg 300w, https:\/\/portal.sma.gob.cl\/wp-content\/uploads\/2016\/03\/nota-consejo-400x189.jpg 400w, https:\/\/portal.sma.gob.cl\/wp-content\/uploads\/2016\/03\/nota-consejo-600x284.jpg 600w, https:\/\/portal.sma.gob.cl\/wp-content\/uploads\/2016\/03\/nota-consejo.jpg 760w\" sizes=\"(max-width: 760px) 100vw, 760px\" \/><\/strong><\/p>\n<p style=\"text-align: justify;\"><strong>La actividad se enmarca dentro del trabajo permanente de asistencia al cumplimiento de la SMA con gremios del pa\u00eds.<\/strong><\/p>\n<p>  <!--more-->  <\/p>\n<p style=\"text-align: justify;\"><strong>Santiago, 29 de marzo de 2016.<\/strong> Este martes se llev\u00f3 a cabo en el Consejo Minero una reuni\u00f3n entre el Superintendente del Medio Ambiente, Cristi\u00e1n Franz, y la Comisi\u00f3n de Medio Ambiente de esta instancia gremial, presidida por Francisca Dom\u00ednguez de CODELCO. Esta reuni\u00f3n est\u00e1 en l\u00ednea con el esfuerzo permanente de la SMA de utilizar intensamente los canales que ofrece el marco de la asistencia al cumplimiento para las empresas titulares de proyectos que son fiscalizadas.<\/p>\n<p style=\"text-align: justify;\">Al igual que en 2015, cuando se realizaron 3 reuniones con el Comit\u00e9 de Medio Ambiente de la SONAMI, el pasado d\u00eda martes 29 de marzo se efectu\u00f3 una fruct\u00edfera reuni\u00f3n entre el Superintendente del Medio Ambiente y alrededor de 15 de los miembros que integran la Comisi\u00f3n de Medio Ambiente del Consejo Minero.<\/p>\n<p style=\"text-align: justify;\">Entre los temas que se discutieron en la instancia se cuentan: la situaci\u00f3n de las diferencias menores entre proyectos aprobados y proyectos construidos; los plazos involucrados en la elaboraci\u00f3n de informes de fiscalizaci\u00f3n y la consideraci\u00f3n de soluci\u00f3n de los hallazgos; el feedback a los informes de seguimiento ambiental, particularmente en lo que se refiere al cumplimiento de normas de calidad primaria; etc.<br \/>En la ocasi\u00f3n el Superintendente fue enf\u00e1tico en se\u00f1alar que no es el objetivo de la instituci\u00f3n ni tampoco el inter\u00e9s de su mandato el cursar multas. Por el contrario, lo que importa es promover el cumplimiento de la norma, \u00e1mbito en el cual existe un gran espacio de mejora y por ende de oportunidad estrat\u00e9gica para el mundo minero.<\/p>\n<p style=\"text-align: justify;\">En este sentido destac\u00f3 que \u201cuna herramienta central de la institucionalidad ambiental del pa\u00eds son los Programas de Cumplimiento, que constituyen un instrumento que la Ley estableci\u00f3 para incentivar el reconocimiento de las faltas cometidas, generando a la vez un plan de acci\u00f3n para atacar las infracciones de forma r\u00e1pida y oportuna, subsanando los problemas detectados. Si bien la empresa que se acoge a esta v\u00eda queda finalmente sin sanci\u00f3n, debe invertir una cantidad considerable de dinero y tiempo en corregir todas sus faltas para volver al cumplimiento ambiental, lo que est\u00e1 absolutamente alineado con el objetivo de la autoridad de fiscalizaci\u00f3n ambiental, que es progresivamente ir contribuyendo al mejoramiento de los est\u00e1ndares de observancia de la normativa ambiental, y en este caso espec\u00edfico, de la industria minera nacional\u201d.<\/p>\n<p style=\"text-align: justify;\">Un tema recurrente que surgi\u00f3 tanto el a\u00f1o pasado en las reuniones de asistencia al cumplimento de la SMA, y que volvi\u00f3 a resurgir en esta oportunidad, es la situaci\u00f3n de las Entidades T\u00e9cnicas de Fiscalizaci\u00f3n Ambiental (ETFA).<\/p>\n<p style=\"text-align: justify;\">Dado las particularidades que encierra este tema y algunos cambios reglamentarios que han operado en su r\u00e9gimen, se han fijado reuniones espec\u00edficas para tratar la materia al detalle entre los miembros del de la Comisi\u00f3n de Medio Ambiente del Consejo Minero y profesionales expertos en el tema de la Superintendencia del Medio Ambiente. A mediados de abril se realizar\u00e1 la primera reuni\u00f3n para abordar la situaci\u00f3n de las ETFA.<\/p>\n","protected":false},"excerpt":{"rendered":"<p>La actividad se enmarca dentro del trabajo permanente de asistencia al cumplimiento de la SMA con gremios del pa\u00eds.<\/p>\n","protected":false},"author":3,"featured_media":16417,"comment_status":"open","ping_status":"open","sticky":false,"template":"","format":"standard","meta":{"footnotes":""},"categories":[94],"tags":[],"class_list":["post-16418","post","type-post","status-publish","format-standard","has-post-thumbnail","hentry","category-notas-noticias"],"_links":{"self":[{"href":"https:\/\/portal.sma.gob.cl\/index.php\/wp-json\/wp\/v2\/posts\/16418","targetHints":{"allow":["GET"]}}],"collection":[{"href":"https:\/\/portal.sma.gob.cl\/index.php\/wp-json\/wp\/v2\/posts"}],"about":[{"href":"https:\/\/portal.sma.gob.cl\/index.php\/wp-json\/wp\/v2\/types\/post"}],"author":[{"embeddable":true,"href":"https:\/\/portal.sma.gob.cl\/index.php\/wp-json\/wp\/v2\/users\/3"}],"replies":[{"embeddable":true,"href":"https:\/\/portal.sma.gob.cl\/index.php\/wp-json\/wp\/v2\/comments?post=16418"}],"version-history":[{"count":0,"href":"https:\/\/portal.sma.gob.cl\/index.php\/wp-json\/wp\/v2\/posts\/16418\/revisions"}],"wp:featuredmedia":[{"embeddable":true,"href":"https:\/\/portal.sma.gob.cl\/index.php\/wp-json\/wp\/v2\/media\/16417"}],"wp:attachment":[{"href":"https:\/\/portal.sma.gob.cl\/index.php\/wp-json\/wp\/v2\/media?parent=16418"}],"wp:term":[{"taxonomy":"category","embeddable":true,"href":"https:\/\/portal.sma.gob.cl\/index.php\/wp-json\/wp\/v2\/categories?post=16418"},{"taxonomy":"post_tag","embeddable":true,"href":"https:\/\/portal.sma.gob.cl\/index.php\/wp-json\/wp\/v2\/tags?post=16418"}],"curies":[{"name":"wp","href":"https:\/\/api.w.org\/{rel}","templated":true}]}}