{"id":16420,"date":"2016-03-31T21:07:12","date_gmt":"2016-03-31T21:07:12","guid":{"rendered":"https:\/\/portal.sma.gob.cl\/index.php\/2016\/03\/31\/temuco-y-padre-las-casas-sma-participa-en-inicio-de-periodo-gec\/"},"modified":"2016-03-31T21:07:12","modified_gmt":"2016-03-31T21:07:12","slug":"temuco-y-padre-las-casas-sma-participa-en-inicio-de-periodo-gec","status":"publish","type":"post","link":"https:\/\/portal.sma.gob.cl\/index.php\/temuco-y-padre-las-casas-sma-participa-en-inicio-de-periodo-gec\/","title":{"rendered":"Temuco y Padre las Casas: SMA participa en inicio de per\u00edodo GEC"},"content":{"rendered":"<p style=\"text-align: justify;\"><strong><img decoding=\"async\" class=\"size-auto size-full wp-image-16419\" src=\"https:\/\/portal.sma.gob.cl\/wp-content\/uploads\/2016\/03\/Fiscalizaci%C3%B3n_GEC.jpg\" alt=\"Fiscalizaci\u00f3n GEC\" width=\"760\" height=\"360\" \/><\/strong><\/p>\n<p style=\"text-align: justify;\"><strong>Autoridades de Medio Ambiente y Salud llamaron a cuidar la forma en que se usan los calefactores a le\u00f1a y, sobre todo, a prevenir para evitar periodos de contaminaci\u00f3n extrema.<\/strong><\/p>\n<p>  <!--more-->  <\/p>\n<p style=\"text-align: justify;\"><strong>Temuco, 30 de marzo de 2016.<\/strong> El viernes 1 de abril comienza el per\u00edodo de Gesti\u00f3n de Episodios Cr\u00edticos (GEC) seg\u00fan establece el nuevo Plan de Descontaminaci\u00f3n Atmosf\u00e9rica, PDA para el contaminante PM2.5 que comenz\u00f3 a regir oficialmente el pasado 17 de noviembre.<\/p>\n<p style=\"text-align: justify;\">Esta herramienta permitir\u00e1 prescindir de las alertas sanitarias dictadas en los \u00faltimos a\u00f1os por el Ministerio de Salud con la finalidad de poner en marcha determinadas restricciones, las que en definitiva son muy similares a las que considera a partir de este a\u00f1o la GEC.<\/p>\n<p style=\"text-align: justify;\">La Gesti\u00f3n de Episodios Cr\u00edticos permite anticipar la ocurrencia de d\u00edas con alta contaminaci\u00f3n permitiendo decretar, seg\u00fan el pron\u00f3stico, d\u00edas de Alerta, Preemergencia y Emergencia, existiendo distintas acciones restrictivas para cada categor\u00eda.<\/p>\n<p style=\"text-align: justify;\">En tal sentido, el seremi de Medio Ambiente de La Araucan\u00eda, Marco Pichunman, expres\u00f3 que &#8220;el llamado desde ya es a no relajarse, a cuidar la forma en que utilizamos nuestro calefactor a le\u00f1a y a prevenir porque podemos evitar llegar a d\u00edas de contaminaci\u00f3n extrema y eso lo podemos hacer desde hoy d\u00eda y por eso lo importante es sumarse&#8221;.<\/p>\n<p style=\"text-align: justify;\">En tanto, seg\u00fan Eduardo Rodr\u00edguez, jefe zona sur de la Superintendencia de Medio Ambiente, esta instituci\u00f3n centraliza sus esfuerzos en la fiscalizaci\u00f3n de fuentes fijas (calderas de edificios) adem\u00e1s de las industrias y el comercio. &#8220;Los esfuerzos por la descontaminaci\u00f3n debe hacerlo toda la poblaci\u00f3n. Por eso, adem\u00e1s de los hogares tambi\u00e9n debe esforzarse tanto el comercio de le\u00f1a como las fuentes fijas, la industria, los edificios y como otros a\u00f1os la Superintendencia va a estar presente fiscalizando en los l\u00edmites de emisi\u00f3n&#8221;, dijo.<\/p>\n<h2 style=\"text-align: justify;\"><strong>Pol\u00edgonos de restricci\u00f3n<\/strong><\/h2>\n<p style=\"text-align: justify;\">En cuanto a los pol\u00edgonos de restricci\u00f3n, este a\u00f1o se mantendr\u00e1n los mismos l\u00edmites del a\u00f1o anterior que abarcan un total de 40 mil 507 viviendas en toda la intercomuna, lo que representa un 66% del parque total. Para que la ciudadan\u00eda pueda conocer si la casa que habita se encuentra sujeta a restricci\u00f3n existe la p\u00e1gina www.airetemuco.cl donde con s\u00f3lo digitar la direcci\u00f3n es posible obtener la informaci\u00f3n requerida.<\/p>\n<p style=\"text-align: justify;\">A juicio del seremi de Salud, Carlos Gonz\u00e1lez, si bien se prescindir\u00e1 de la figura de la &#8220;alerta sanitaria&#8221;, el rol de la autoridad de Salud se seguir\u00e1 enfocando en las fiscalizaciones, principalmente a los hogares. &#8220;Nosotros como Seremi de Salud continuaremos con nuestra labor, primero de preocuparnos que en nuestros centros de salud tengamos una capacidad de respuesta adecuada, pero tambi\u00e9n desde el punto de vista de autoridad sanitaria para fiscalizar que se cumpla con esta norma. Nuestros equipos van a salir a las calles a fiscalizar y van a sancionar cuando corresponda&#8221;, se\u00f1al\u00f3.<\/p>\n<p style=\"text-align: justify;\">Las eventuales multas por no cumplir con las medidas restrictivas son variables. Seg\u00fan el seremi de Salud, Carlos Gonz\u00e1lez, las sanciones a los hogares han variado en a\u00f1os anteriores entre 1 y 5 UTM, vale decir entre 43 mil y 210 mil pesos aproximadamente, si es que no existe reincidencia. &#8220;La mayor\u00eda de estas multas se hicieron efectivas y las que nosotros no podemos cobrar se las pasamos al Consejo de Defensa del Estado para que haga las cobranzas por nosotros&#8221;, precis\u00f3.<\/p>\n","protected":false},"excerpt":{"rendered":"<p>Autoridades de Medio Ambiente y Salud llamaron a cuidar la forma en que se usan los calefactores a le\u00f1a y, sobre todo, a prevenir para evitar periodos de contaminaci\u00f3n extrema.<\/p>\n","protected":false},"author":3,"featured_media":16419,"comment_status":"open","ping_status":"open","sticky":false,"template":"","format":"standard","meta":{"footnotes":""},"categories":[90],"tags":[],"class_list":["post-16420","post","type-post","status-publish","format-standard","has-post-thumbnail","hentry","category-comunicados-noticias"],"_links":{"self":[{"href":"https:\/\/portal.sma.gob.cl\/index.php\/wp-json\/wp\/v2\/posts\/16420","targetHints":{"allow":["GET"]}}],"collection":[{"href":"https:\/\/portal.sma.gob.cl\/index.php\/wp-json\/wp\/v2\/posts"}],"about":[{"href":"https:\/\/portal.sma.gob.cl\/index.php\/wp-json\/wp\/v2\/types\/post"}],"author":[{"embeddable":true,"href":"https:\/\/portal.sma.gob.cl\/index.php\/wp-json\/wp\/v2\/users\/3"}],"replies":[{"embeddable":true,"href":"https:\/\/portal.sma.gob.cl\/index.php\/wp-json\/wp\/v2\/comments?post=16420"}],"version-history":[{"count":0,"href":"https:\/\/portal.sma.gob.cl\/index.php\/wp-json\/wp\/v2\/posts\/16420\/revisions"}],"wp:featuredmedia":[{"embeddable":true,"href":"https:\/\/portal.sma.gob.cl\/index.php\/wp-json\/wp\/v2\/media\/16419"}],"wp:attachment":[{"href":"https:\/\/portal.sma.gob.cl\/index.php\/wp-json\/wp\/v2\/media?parent=16420"}],"wp:term":[{"taxonomy":"category","embeddable":true,"href":"https:\/\/portal.sma.gob.cl\/index.php\/wp-json\/wp\/v2\/categories?post=16420"},{"taxonomy":"post_tag","embeddable":true,"href":"https:\/\/portal.sma.gob.cl\/index.php\/wp-json\/wp\/v2\/tags?post=16420"}],"curies":[{"name":"wp","href":"https:\/\/api.w.org\/{rel}","templated":true}]}}