{"id":16424,"date":"2016-04-12T16:07:01","date_gmt":"2016-04-12T16:07:01","guid":{"rendered":"https:\/\/portal.sma.gob.cl\/index.php\/2016\/04\/12\/primeras-jornadas-de-forensica-ambiental\/"},"modified":"2016-04-12T16:07:01","modified_gmt":"2016-04-12T16:07:01","slug":"primeras-jornadas-de-forensica-ambiental","status":"publish","type":"post","link":"https:\/\/portal.sma.gob.cl\/index.php\/primeras-jornadas-de-forensica-ambiental\/","title":{"rendered":"Primeras Jornadas de For\u00e9nsica Ambiental"},"content":{"rendered":"<p style=\"text-align: justify;\"><img decoding=\"async\" class=\"size-auto size-full wp-image-16423\" src=\"https:\/\/portal.sma.gob.cl\/wp-content\/uploads\/2016\/04\/nota-jornada.jpg\" alt=\"nota-jornada\" width=\"760\" height=\"360\" srcset=\"https:\/\/portal.sma.gob.cl\/wp-content\/uploads\/2016\/04\/nota-jornada-200x95.jpg 200w, https:\/\/portal.sma.gob.cl\/wp-content\/uploads\/2016\/04\/nota-jornada-300x142.jpg 300w, https:\/\/portal.sma.gob.cl\/wp-content\/uploads\/2016\/04\/nota-jornada-400x189.jpg 400w, https:\/\/portal.sma.gob.cl\/wp-content\/uploads\/2016\/04\/nota-jornada-600x284.jpg 600w, https:\/\/portal.sma.gob.cl\/wp-content\/uploads\/2016\/04\/nota-jornada.jpg 760w\" sizes=\"(max-width: 760px) 100vw, 760px\" \/><\/p>\n<p style=\"text-align: justify;\"><strong>Los d\u00edas 6 y 7 de abril se celebraron las Primeras Jornadas de For\u00e9nsica Ambiental en la Facultad de Derecho de la Universidad de Chile, en las cuales tuvo una destacada participaci\u00f3n la Superintendencia del Medio Ambiente.<\/strong><\/p>\n<p>  <!--more-->  <\/p>\n<p style=\"text-align: justify;\"><strong>Santiago, 11 de abril de 2016.<\/strong> Los d\u00edas 6 y 7 de abril se realiz\u00f3 en las dependencias de la Facultad de Derecho de la Universidad de Chile, las Primeras Jornadas de For\u00e9nsica Ambiental, organizadas por el Centro de Derecho Ambiental de dicha casa de estudios, el Tribunal Ambiental de Santiago y la Asociaci\u00f3n Chilena de Derecho Ambiental (Achidam).<\/p>\n<p style=\"text-align: justify;\">En las Jornadas participaron diversos invitados nacionales e internacionales, con el prop\u00f3sito de discutir en torno a esta disciplina en la que se entrelazan el derecho, la ciencia, la t\u00e9cnica y el medio ambiente.<\/p>\n<p style=\"text-align: justify;\"><span style=\"font-size: 12.16px; line-height: 1.3em;\" data-mce-mark=\"1\">En dicho contexto, y atendiendo a sus amplias competencias y atribuciones en la materia, la Superintendencia del Medio Ambiente particip\u00f3 activamente durante los dos d\u00edas de las Jornadas. El primer d\u00eda, y con el objeto de introducir el rol de esta Superintendencia en la For\u00e9nsica Ambiental, el Superintendente del Medio Ambiente, Cristi\u00e1n Franz, brind\u00f3 una exposici\u00f3n en el primer panel con su presentaci\u00f3n titulada \u201cLa For\u00e9nsica Ambiental en la Superintendencia del Medio Ambiente\u201d. Asimismo expuso, por parte de la Fiscal\u00eda de la Superintendencia, Sebasti\u00e1n Rebolledo, con una presentaci\u00f3n sobre la \u201cLa Prueba y el Derecho Ambiental\u201d. Luego, el segundo d\u00eda, la Jefa de la Divisi\u00f3n de Sanci\u00f3n y Cumplimiento, Marie Claude Plumer, expuso sobre el rol e importancia de la evidencia en el procedimiento sancionatorio, con su presentaci\u00f3n denominada \u201cLa Prueba en los Procedimientos Sancionatorios\u201d. Y finalmente por parte de la Divisi\u00f3n de Fiscalizaci\u00f3n, expuso el Jefe de la Secci\u00f3n T\u00e9cnica, Juan Eduardo Johnson, quien present\u00f3 una ponencia sobre el \u201cUso de T\u00e9cnicas Forenses para la Fiscalizaci\u00f3n Ambiental\u201d.<\/span><\/p>\n<p style=\"text-align: justify;\">El Superintendente destac\u00f3 \u201cla importancia que la For\u00e9nsica Ambiental tiene en la labor profesional de cient\u00edficos, abogados, jueces e instituciones vinculados con la protecci\u00f3n del medio ambiente.&nbsp;Esta disciplina permite afrontar con mayor rigurosidad y antecedentes los eventos de contaminaci\u00f3n ambiental, y poder establecer sus causas y determinar eventuales responsabilidades\u201d.<\/p>\n","protected":false},"excerpt":{"rendered":"<p>Los d\u00edas 6 y 7 de abril se celebraron las Primeras Jornadas de For\u00e9nsica Ambiental en la Facultad de Derecho de la Universidad de Chile, en las cuales tuvo una destacada participaci\u00f3n la Superintendencia del Medio Ambiente.<\/p>\n","protected":false},"author":3,"featured_media":16423,"comment_status":"open","ping_status":"open","sticky":false,"template":"","format":"standard","meta":{"footnotes":""},"categories":[94],"tags":[],"class_list":["post-16424","post","type-post","status-publish","format-standard","has-post-thumbnail","hentry","category-notas-noticias"],"_links":{"self":[{"href":"https:\/\/portal.sma.gob.cl\/index.php\/wp-json\/wp\/v2\/posts\/16424","targetHints":{"allow":["GET"]}}],"collection":[{"href":"https:\/\/portal.sma.gob.cl\/index.php\/wp-json\/wp\/v2\/posts"}],"about":[{"href":"https:\/\/portal.sma.gob.cl\/index.php\/wp-json\/wp\/v2\/types\/post"}],"author":[{"embeddable":true,"href":"https:\/\/portal.sma.gob.cl\/index.php\/wp-json\/wp\/v2\/users\/3"}],"replies":[{"embeddable":true,"href":"https:\/\/portal.sma.gob.cl\/index.php\/wp-json\/wp\/v2\/comments?post=16424"}],"version-history":[{"count":0,"href":"https:\/\/portal.sma.gob.cl\/index.php\/wp-json\/wp\/v2\/posts\/16424\/revisions"}],"wp:featuredmedia":[{"embeddable":true,"href":"https:\/\/portal.sma.gob.cl\/index.php\/wp-json\/wp\/v2\/media\/16423"}],"wp:attachment":[{"href":"https:\/\/portal.sma.gob.cl\/index.php\/wp-json\/wp\/v2\/media?parent=16424"}],"wp:term":[{"taxonomy":"category","embeddable":true,"href":"https:\/\/portal.sma.gob.cl\/index.php\/wp-json\/wp\/v2\/categories?post=16424"},{"taxonomy":"post_tag","embeddable":true,"href":"https:\/\/portal.sma.gob.cl\/index.php\/wp-json\/wp\/v2\/tags?post=16424"}],"curies":[{"name":"wp","href":"https:\/\/api.w.org\/{rel}","templated":true}]}}