{"id":16426,"date":"2016-04-12T16:20:28","date_gmt":"2016-04-12T16:20:28","guid":{"rendered":"https:\/\/portal.sma.gob.cl\/index.php\/2016\/04\/12\/convenio-de-pasantia-entre-superintendencia-del-medio-ambiente-y-facultad-de-derecho-de-la-universidad-de-chile\/"},"modified":"2016-04-12T16:20:28","modified_gmt":"2016-04-12T16:20:28","slug":"convenio-de-pasantia-entre-superintendencia-del-medio-ambiente-y-facultad-de-derecho-de-la-universidad-de-chile","status":"publish","type":"post","link":"https:\/\/portal.sma.gob.cl\/index.php\/convenio-de-pasantia-entre-superintendencia-del-medio-ambiente-y-facultad-de-derecho-de-la-universidad-de-chile\/","title":{"rendered":"Convenio de Pasant\u00eda entre Superintendencia del Medio Ambiente y Facultad de Derecho de la Universidad de Chile"},"content":{"rendered":"<p style=\"text-align: justify;\"><strong><img decoding=\"async\" class=\"size-auto size-full wp-image-16425\" src=\"https:\/\/portal.sma.gob.cl\/wp-content\/uploads\/2016\/04\/nota-pasantia.jpg\" alt=\"nota-pasantia\" width=\"760\" height=\"360\" srcset=\"https:\/\/portal.sma.gob.cl\/wp-content\/uploads\/2016\/04\/nota-pasantia-200x95.jpg 200w, https:\/\/portal.sma.gob.cl\/wp-content\/uploads\/2016\/04\/nota-pasantia-300x142.jpg 300w, https:\/\/portal.sma.gob.cl\/wp-content\/uploads\/2016\/04\/nota-pasantia-400x189.jpg 400w, https:\/\/portal.sma.gob.cl\/wp-content\/uploads\/2016\/04\/nota-pasantia-600x284.jpg 600w, https:\/\/portal.sma.gob.cl\/wp-content\/uploads\/2016\/04\/nota-pasantia.jpg 760w\" sizes=\"(max-width: 760px) 100vw, 760px\" \/><\/strong><\/p>\n<p>  <!--more-->  <\/p>\n<p style=\"text-align: justify;\"><strong>Ceremonia de firma del Convenio de Pasant\u00eda entre la Superintendencia del Medio Ambiente y la Facultad de Derecho de la Universidad de Chile.<\/strong><\/p>\n<p style=\"text-align: justify;\"><strong>Santiago, 12 de abril de 2016.<\/strong> El 11 de abril se realiz\u00f3, en la Sala Eduardo Novoa Monreal de la Facultad de Derecho de la Universidad de Chile, la ceremonia de firma del Convenio de Pasant\u00eda entre la Superintendencia del Medio Ambiente y la Facultad de Derecho de esa Universidad.<\/p>\n<p style=\"text-align: justify;\">El Convenio de Pasant\u00eda firmado entre ambas instituciones contiene los t\u00e9rminos y las condiciones para que la Facultad de Derecho de la Universidad de Chile participe en el Programa de Pasant\u00eda que desarrolla la Superintendencia del Medio Ambiente. Las pasant\u00edas persiguen entregar a los estudiantes de Derecho de la Universidad de Chile la oportunidad de trabajar junto a profesionales de la Superintendencia en apoyo a las diversas actividades que realiza la instituci\u00f3n fiscalizadora ambiental, bajo la supervisi\u00f3n de un abogado de dicho servicio.<\/p>\n<p style=\"text-align: justify;\">El instrumento que contiene el acuerdo entre ambas entidades fue firmado por el Superintendente del Medio Ambiente, Cristian Franz Thorud, y por Davor Harasic Yaksic, Decano de la Facultad de Derecho de la Universidad de Chile.<\/p>\n<p style=\"text-align: justify;\">El mencionado Convenio de Pasant\u00eda asume un deber de cooperaci\u00f3n entre ambas instituciones, que establece que mientras est\u00e9 en vigencia el instrumento, existir\u00e1 un continuo y mutuo deber de cooperaci\u00f3n entre la Facultad de Derecho de la Universidad de Chile y la Superintendencia del Medio Ambiente, con el objeto de mantener una comunicaci\u00f3n permanente que ayude finalmente al \u00e9xito de la pasant\u00eda.<\/p>\n","protected":false},"excerpt":{"rendered":"","protected":false},"author":3,"featured_media":16425,"comment_status":"open","ping_status":"open","sticky":false,"template":"","format":"standard","meta":{"footnotes":""},"categories":[94],"tags":[],"class_list":["post-16426","post","type-post","status-publish","format-standard","has-post-thumbnail","hentry","category-notas-noticias"],"_links":{"self":[{"href":"https:\/\/portal.sma.gob.cl\/index.php\/wp-json\/wp\/v2\/posts\/16426","targetHints":{"allow":["GET"]}}],"collection":[{"href":"https:\/\/portal.sma.gob.cl\/index.php\/wp-json\/wp\/v2\/posts"}],"about":[{"href":"https:\/\/portal.sma.gob.cl\/index.php\/wp-json\/wp\/v2\/types\/post"}],"author":[{"embeddable":true,"href":"https:\/\/portal.sma.gob.cl\/index.php\/wp-json\/wp\/v2\/users\/3"}],"replies":[{"embeddable":true,"href":"https:\/\/portal.sma.gob.cl\/index.php\/wp-json\/wp\/v2\/comments?post=16426"}],"version-history":[{"count":0,"href":"https:\/\/portal.sma.gob.cl\/index.php\/wp-json\/wp\/v2\/posts\/16426\/revisions"}],"wp:featuredmedia":[{"embeddable":true,"href":"https:\/\/portal.sma.gob.cl\/index.php\/wp-json\/wp\/v2\/media\/16425"}],"wp:attachment":[{"href":"https:\/\/portal.sma.gob.cl\/index.php\/wp-json\/wp\/v2\/media?parent=16426"}],"wp:term":[{"taxonomy":"category","embeddable":true,"href":"https:\/\/portal.sma.gob.cl\/index.php\/wp-json\/wp\/v2\/categories?post=16426"},{"taxonomy":"post_tag","embeddable":true,"href":"https:\/\/portal.sma.gob.cl\/index.php\/wp-json\/wp\/v2\/tags?post=16426"}],"curies":[{"name":"wp","href":"https:\/\/api.w.org\/{rel}","templated":true}]}}