{"id":16428,"date":"2016-04-14T17:14:15","date_gmt":"2016-04-14T17:14:15","guid":{"rendered":"https:\/\/portal.sma.gob.cl\/index.php\/2016\/04\/14\/sma-formula-cargos-contra-compania-agricola-y-lechera-quillayes-de-peteroa-ltda-por-incumplimientos-ambientales\/"},"modified":"2016-04-14T17:14:15","modified_gmt":"2016-04-14T17:14:15","slug":"sma-formula-cargos-contra-compania-agricola-y-lechera-quillayes-de-peteroa-ltda-por-incumplimientos-ambientales","status":"publish","type":"post","link":"https:\/\/portal.sma.gob.cl\/index.php\/sma-formula-cargos-contra-compania-agricola-y-lechera-quillayes-de-peteroa-ltda-por-incumplimientos-ambientales\/","title":{"rendered":"SMA formula cargos contra Compa\u00f1\u00eda Agr\u00edcola y Lechera Quillayes de Peteroa por incumplimientos ambientales"},"content":{"rendered":"<p style=\"text-align: justify;\"><strong><img decoding=\"async\" class=\"size-auto size-full wp-image-16427\" src=\"https:\/\/portal.sma.gob.cl\/wp-content\/uploads\/2016\/04\/nota-quillayes.jpg\" alt=\"nota-quillayes\" width=\"760\" height=\"360\" srcset=\"https:\/\/portal.sma.gob.cl\/wp-content\/uploads\/2016\/04\/nota-quillayes-200x95.jpg 200w, https:\/\/portal.sma.gob.cl\/wp-content\/uploads\/2016\/04\/nota-quillayes-300x142.jpg 300w, https:\/\/portal.sma.gob.cl\/wp-content\/uploads\/2016\/04\/nota-quillayes-400x189.jpg 400w, https:\/\/portal.sma.gob.cl\/wp-content\/uploads\/2016\/04\/nota-quillayes-600x284.jpg 600w, https:\/\/portal.sma.gob.cl\/wp-content\/uploads\/2016\/04\/nota-quillayes.jpg 760w\" sizes=\"(max-width: 760px) 100vw, 760px\" \/><\/strong><\/p>\n<p style=\"font-size: 12.16px; line-height: 15.808px; text-align: justify;\"><strong>La Superintendencia del Medio Ambiente (SMA) decidi\u00f3 formular cargos contra Compa\u00f1\u00eda Agr\u00edcola y Lechera Quillayes de Peteroa Ltda.<\/strong><\/p>\n<p>  <!--more-->  <\/p>\n<p style=\"text-align: justify;\"><strong style=\"text-align: justify; font-size: 12.16px; line-height: 1.3em;\">Santiago, 11 de abril de 2016.<\/strong><span style=\"text-align: justify; font-size: 12.16px; line-height: 1.3em;\"> La Superintendencia del Medio Ambiente (SMA) procedi\u00f3 a formular cargos contra de Compa\u00f1\u00eda Agr\u00edcola y Lechera Quillayes de Peteroa Ltda., debido a una serie de incumplimientos ambientales en los proyectos \u201cSistema de Tratamiento de Residuos L\u00edquidos Industriales para la Planta Vialat, IX Regi\u00f3n\u201d, \u201cModificaci\u00f3n Sistema de Tratamiento del Proyecto Residuos L\u00edquidos Industriales para la Planta Vialat Victoria, IX Regi\u00f3n\u201d y \u201cPlanta de Tratamiento de Aguas Residuales mediante Sistema Toh\u00e1 o Lombrifiltros, Planta Quillayes Victoria\u201d, todos de titularidad de \u201cCompa\u00f1\u00eda Agr\u00edcola y Lechera Quillayes de Peteroa Ltda.\u201d, aprobados mediante las Res. Ex. N\u00b0 143\/2005, Res. Ex. N\u00b0 200\/2008 y Res. Ex. N\u00b0 116\/2011, respectivamente, todas de la Comisi\u00f3n Regional del Medio Ambiente (COREMA) de la IX Regi\u00f3n de la Araucan\u00eda.<\/span><\/p>\n<p style=\"text-align: justify;\">Desde el a\u00f1o 2013, la SMA ha recibido m\u00faltiples denuncias ciudadanas contra Compa\u00f1\u00eda Agr\u00edcola y Lechera Quillayes de Peteroa Ltda. de los vecinos de la comuna de Victoria, todas ellas asociadas principalmente a la emanaci\u00f3n de olores molestos, provenientes de la Planta Victoria.<\/p>\n<p style=\"text-align: justify;\">En este contexto, la Divisi\u00f3n de Fiscalizaci\u00f3n remiti\u00f3 a la Divisi\u00f3n de Sanci\u00f3n y Cumplimiento para su tramitaci\u00f3n, en el marco de la fiscalizaci\u00f3n de la norma de emisi\u00f3n D.S. N\u00b090\/2000, una serie de informes de fiscalizaci\u00f3n ambiental y sus respectivos anexos, entre los cuales se constataron los siguientes hechos:<\/p>\n<p style=\"text-align: justify;\">(i) No se inform\u00f3 en los autocontroles con la frecuencia exigida, los par\u00e1metros indicados en su programa de monitoreo. <br \/>(ii) No se report\u00f3 informaci\u00f3n asociada a remuestreo.<br \/>(iii) Existe superaci\u00f3n en los niveles m\u00e1ximos permitidos de ciertos contaminantes establecidos en la norma de emisi\u00f3n antes citada.<\/p>\n<p style=\"text-align: justify;\">Cabe recordar, que la formulaci\u00f3n de cargos es el inicio de un procedimiento sancionatorio por parte de la SMA. En tanto, el infractor tendr\u00e1 10 d\u00edas de plazo para presentar un Programa de Cumplimientoo cuenta con 15 d\u00edas de plazo para formular descargos ante esta Superintendencia, tras lo cual contin\u00faa el proceso sancionatorio. Para mayores detalles, acceder a la formulaci\u00f3n de cargos en <a href=\"http:\/\/snifa.sma.gob.cl\/v2\/\" target=\"_blank\">SNIFA.<\/a><\/p>\n<p style=\"text-align: justify;\">Para mayor detalle, acceeder a los expedientes de los siguientes procesos sancionatorios:<\/p>\n<p style=\"text-align: justify;\"><a href=\"http:\/\/snifa.sma.gob.cl\/v2\/Sancionatorio\/Ficha\/1365\" target=\"_blank\">Expediente D-015-2016<\/a><\/p>\n<p style=\"text-align: justify;\"><a href=\"http:\/\/snifa.sma.gob.cl\/v2\/Sancionatorio\/Ficha\/1366\" target=\"_blank\">Expediente D-016-2016<\/a><\/p>\n","protected":false},"excerpt":{"rendered":"<p>La Superintendencia del Medio Ambiente (SMA) decidi\u00f3 formular cargos contra Compa\u00f1\u00eda Agr\u00edcola y Lechera Quillayes de Peteroa Ltda.<\/p>\n","protected":false},"author":3,"featured_media":16427,"comment_status":"open","ping_status":"open","sticky":false,"template":"","format":"standard","meta":{"footnotes":""},"categories":[90],"tags":[],"class_list":["post-16428","post","type-post","status-publish","format-standard","has-post-thumbnail","hentry","category-comunicados-noticias"],"_links":{"self":[{"href":"https:\/\/portal.sma.gob.cl\/index.php\/wp-json\/wp\/v2\/posts\/16428","targetHints":{"allow":["GET"]}}],"collection":[{"href":"https:\/\/portal.sma.gob.cl\/index.php\/wp-json\/wp\/v2\/posts"}],"about":[{"href":"https:\/\/portal.sma.gob.cl\/index.php\/wp-json\/wp\/v2\/types\/post"}],"author":[{"embeddable":true,"href":"https:\/\/portal.sma.gob.cl\/index.php\/wp-json\/wp\/v2\/users\/3"}],"replies":[{"embeddable":true,"href":"https:\/\/portal.sma.gob.cl\/index.php\/wp-json\/wp\/v2\/comments?post=16428"}],"version-history":[{"count":0,"href":"https:\/\/portal.sma.gob.cl\/index.php\/wp-json\/wp\/v2\/posts\/16428\/revisions"}],"wp:featuredmedia":[{"embeddable":true,"href":"https:\/\/portal.sma.gob.cl\/index.php\/wp-json\/wp\/v2\/media\/16427"}],"wp:attachment":[{"href":"https:\/\/portal.sma.gob.cl\/index.php\/wp-json\/wp\/v2\/media?parent=16428"}],"wp:term":[{"taxonomy":"category","embeddable":true,"href":"https:\/\/portal.sma.gob.cl\/index.php\/wp-json\/wp\/v2\/categories?post=16428"},{"taxonomy":"post_tag","embeddable":true,"href":"https:\/\/portal.sma.gob.cl\/index.php\/wp-json\/wp\/v2\/tags?post=16428"}],"curies":[{"name":"wp","href":"https:\/\/api.w.org\/{rel}","templated":true}]}}