{"id":16436,"date":"2016-05-06T14:47:34","date_gmt":"2016-05-06T14:47:34","guid":{"rendered":"https:\/\/portal.sma.gob.cl\/index.php\/2016\/05\/06\/se-realiza-la-cuarta-reunion-del-comite-consultivo-de-renfa\/"},"modified":"2016-05-06T14:47:34","modified_gmt":"2016-05-06T14:47:34","slug":"se-realiza-la-cuarta-reunion-del-comite-consultivo-de-renfa","status":"publish","type":"post","link":"https:\/\/portal.sma.gob.cl\/index.php\/se-realiza-la-cuarta-reunion-del-comite-consultivo-de-renfa\/","title":{"rendered":"Se realiza la cuarta reuni\u00f3n del Comit\u00e9 Consultivo de RENFA"},"content":{"rendered":"<p style=\"text-align: justify;\"><strong><img decoding=\"async\" class=\"size-auto size-full wp-image-16435\" src=\"https:\/\/portal.sma.gob.cl\/wp-content\/uploads\/2016\/05\/RENFANOTA.jpg\" alt=\"RENFANOTA\" width=\"760\" height=\"360\" srcset=\"https:\/\/portal.sma.gob.cl\/wp-content\/uploads\/2016\/05\/RENFANOTA-200x95.jpg 200w, https:\/\/portal.sma.gob.cl\/wp-content\/uploads\/2016\/05\/RENFANOTA-300x142.jpg 300w, https:\/\/portal.sma.gob.cl\/wp-content\/uploads\/2016\/05\/RENFANOTA-400x189.jpg 400w, https:\/\/portal.sma.gob.cl\/wp-content\/uploads\/2016\/05\/RENFANOTA-600x284.jpg 600w, https:\/\/portal.sma.gob.cl\/wp-content\/uploads\/2016\/05\/RENFANOTA.jpg 760w\" sizes=\"(max-width: 760px) 100vw, 760px\" \/><\/strong><\/p>\n<p style=\"text-align: justify;\"><strong>La instancia que re\u00fane a los servicios p\u00fablicos con competencia ambiental, coordinada por la SMA, revis\u00f3 las fiscalizaciones realizadas en 2015 y analiz\u00f3 los desaf\u00edos operacionales para este a\u00f1o.<\/strong><\/p>\n<p>  <!--more-->  <\/p>\n<p style=\"text-align: justify;\"><strong>Santiago, 5 de mayo de 2016.<\/strong> Esta ma\u00f1ana, con la presencia de representantes de 14 organismos p\u00fablicos, se realiz\u00f3 la cuarta reuni\u00f3n del Comit\u00e9 Consultivo de la Red Nacional de Fiscalizaci\u00f3n Ambiental (RENFA).<\/p>\n<p style=\"text-align: justify;\">La RENFA fue creada en agosto de 2014, como plataforma para generar sinergias en el trabajo de los 16 servicios que tienen competencias en el \u00e1mbito de fiscalizaci\u00f3n ambiental, siendo la Superintendencia del Medio Ambiente (SMA) la encargada de coordinar su plan de acci\u00f3n, buscando un trabajo coordinado y con mayores eficiencias en el uso de los recursos del Estado.<\/p>\n<p style=\"text-align: justify;\">El jefe de la Divisi\u00f3n de Fiscalizaci\u00f3n de la SMA, Rub\u00e9n Verdugo, realiz\u00f3 un balance de los resultados de las actividades de fiscalizaci\u00f3n y sanci\u00f3n ejecutadas en el a\u00f1o 2015; present\u00f3 el programa de fiscalizaci\u00f3n, as\u00ed como los proyectos y lineamientos generales para el a\u00f1o 2016; y explic\u00f3 los resultados de proyectos conjuntos iniciados en 2015.<\/p>\n<p style=\"text-align: justify;\">Adem\u00e1s, recalc\u00f3 la importancia del trabajo en red, indicando que \u201ceste espacio constituye la piedra angular del nuevo modelo de fiscalizaci\u00f3n ambiental, en el cual, al amparo de una adecuada coordinaci\u00f3n, el accionar de los servicios del Estado que tienen competencias en la fiscalizaci\u00f3n ambiental se ve fortalecido. Es necesario e importante destacar el compromiso de todas las instituciones que son parte de la Red Nacional de Fiscalizaci\u00f3n\u201d.<\/p>\n<p style=\"text-align: justify;\">En esta instancia fue lanzado oficialmente el nuevo Sistema de Gesti\u00f3n de Seguimientos Ambiental de los Organismos Sectoriales \u2013 Sistema SMA-OS- el cual permitir\u00e1 interconectar inform\u00e1ticamente a la Superintendencia con estos, de manera de efectuar una gesti\u00f3n m\u00e1s din\u00e1mica y eficiente de los reportes de seguimiento ambiental reportados por los titulares de RCA.<\/p>\n<p style=\"text-align: justify;\">En la reuni\u00f3n participaron 19 profesionales de 14 servicios p\u00fablicos, correspondientes a DIRECTEMAR, CONADI, SERNAGEOMIN, CCHEN, SISS, DOH, SERNAPESCA, CONAF, SAG, Direcci\u00f3n de Vialidad, CMN, Subsecretaria de Transporte, SEC y MINSAL.<\/p>\n","protected":false},"excerpt":{"rendered":"<p>La instancia que re\u00fane a los servicios p\u00fablicos con competencia ambiental, coordinada por la SMA, revis\u00f3 las fiscalizaciones realizadas en 2015 y analiz\u00f3 los desaf\u00edos operacionales para este a\u00f1o.<\/p>\n","protected":false},"author":3,"featured_media":16435,"comment_status":"open","ping_status":"open","sticky":false,"template":"","format":"standard","meta":{"footnotes":""},"categories":[94],"tags":[],"class_list":["post-16436","post","type-post","status-publish","format-standard","has-post-thumbnail","hentry","category-notas-noticias"],"_links":{"self":[{"href":"https:\/\/portal.sma.gob.cl\/index.php\/wp-json\/wp\/v2\/posts\/16436","targetHints":{"allow":["GET"]}}],"collection":[{"href":"https:\/\/portal.sma.gob.cl\/index.php\/wp-json\/wp\/v2\/posts"}],"about":[{"href":"https:\/\/portal.sma.gob.cl\/index.php\/wp-json\/wp\/v2\/types\/post"}],"author":[{"embeddable":true,"href":"https:\/\/portal.sma.gob.cl\/index.php\/wp-json\/wp\/v2\/users\/3"}],"replies":[{"embeddable":true,"href":"https:\/\/portal.sma.gob.cl\/index.php\/wp-json\/wp\/v2\/comments?post=16436"}],"version-history":[{"count":0,"href":"https:\/\/portal.sma.gob.cl\/index.php\/wp-json\/wp\/v2\/posts\/16436\/revisions"}],"wp:featuredmedia":[{"embeddable":true,"href":"https:\/\/portal.sma.gob.cl\/index.php\/wp-json\/wp\/v2\/media\/16435"}],"wp:attachment":[{"href":"https:\/\/portal.sma.gob.cl\/index.php\/wp-json\/wp\/v2\/media?parent=16436"}],"wp:term":[{"taxonomy":"category","embeddable":true,"href":"https:\/\/portal.sma.gob.cl\/index.php\/wp-json\/wp\/v2\/categories?post=16436"},{"taxonomy":"post_tag","embeddable":true,"href":"https:\/\/portal.sma.gob.cl\/index.php\/wp-json\/wp\/v2\/tags?post=16436"}],"curies":[{"name":"wp","href":"https:\/\/api.w.org\/{rel}","templated":true}]}}