{"id":16438,"date":"2016-05-06T12:26:38","date_gmt":"2016-05-06T12:26:38","guid":{"rendered":"https:\/\/portal.sma.gob.cl\/index.php\/2016\/05\/06\/sma-formula-cargos-contra-codelco-por-incumplimientos-ambientales-de-la-fundicion-y-refineria-ventanas\/"},"modified":"2016-05-06T12:26:38","modified_gmt":"2016-05-06T12:26:38","slug":"sma-formula-cargos-contra-codelco-por-incumplimientos-ambientales-de-la-fundicion-y-refineria-ventanas","status":"publish","type":"post","link":"https:\/\/portal.sma.gob.cl\/index.php\/sma-formula-cargos-contra-codelco-por-incumplimientos-ambientales-de-la-fundicion-y-refineria-ventanas\/","title":{"rendered":"SMA formula cargos contra Codelco por incumplimientos ambientales de la Fundici\u00f3n y Refiner\u00eda Ventanas"},"content":{"rendered":"<p style=\"text-align: justify;\"><strong><img decoding=\"async\" class=\"size-auto size-full wp-image-16437\" src=\"https:\/\/portal.sma.gob.cl\/wp-content\/uploads\/2016\/05\/CodelcoVentanas.jpg\" alt=\"CodelcoVentanas\" width=\"760\" height=\"360\" srcset=\"https:\/\/portal.sma.gob.cl\/wp-content\/uploads\/2016\/05\/CodelcoVentanas-200x95.jpg 200w, https:\/\/portal.sma.gob.cl\/wp-content\/uploads\/2016\/05\/CodelcoVentanas-300x142.jpg 300w, https:\/\/portal.sma.gob.cl\/wp-content\/uploads\/2016\/05\/CodelcoVentanas-400x189.jpg 400w, https:\/\/portal.sma.gob.cl\/wp-content\/uploads\/2016\/05\/CodelcoVentanas-600x284.jpg 600w, https:\/\/portal.sma.gob.cl\/wp-content\/uploads\/2016\/05\/CodelcoVentanas.jpg 760w\" sizes=\"(max-width: 760px) 100vw, 760px\" \/><\/strong><\/p>\n<p style=\"text-align: justify;\"><strong>La Superintendencia del Medio Ambiente (SMA) detect\u00f3 13 incumplimientos ambientales en las instalaciones ubicadas en la comuna de Puchuncav\u00ed, Regi\u00f3n de Valpara\u00edso.<\/strong><\/p>\n<p>  <!--more-->  <\/p>\n<p style=\"text-align: justify;\"><strong>Santiago, 06 de mayo de 2016.<\/strong> La Superintendencia del Medio Ambiente (SMA) procedi\u00f3 a formular cargos en contra de Codelco, propietaria de la Fundici\u00f3n y Refiner\u00eda Ventanas, ubicada en la comuna de Puchuncav\u00ed, Regi\u00f3n de Valpara\u00edso, tras detectar una serie de incumplimientos ambientales, algunos de ellos asociados a la no conversi\u00f3n a gas natural en ciertos equipos y procesos, as\u00ed como faltas en reportes y respuestas a requerimientos de informaci\u00f3n realizados por la SMA.<\/p>\n<p style=\"text-align: justify;\">Cabe destacar que la Fundici\u00f3n y Refiner\u00eda Ventanas de Codelco data de 1964, por lo cual s\u00f3lo las modificaciones que se han realizado al proyecto en forma posterior a 1997 cuentan con 9 Resoluciones de Calificaci\u00f3n Ambiental (RCA). Por ley, la SMA s\u00f3lo puede fiscalizar los compromisos y obligaciones establecidas en el marco de las RCA.<\/p>\n<p style=\"text-align: justify;\">En este caso, profesionales de la SMA realizaron tres actividades de fiscalizaci\u00f3n al complejo industrial en conjunto con personal del Servicio Agr\u00edcola y Ganadero (SAG) y de la Seremi de Salud, ambos de la Regi\u00f3n de Valpara\u00edso.<\/p>\n<p style=\"text-align: justify;\">Luego del an\u00e1lisis de los datos obtenidos en terreno y la revisi\u00f3n de informes enviados por la empresa, la SMA imputa un total de 13 las infracciones ambientales a la empresa, entre ellas se encuentran la no conversi\u00f3n a gas natural en algunos de los procesos y equipos comprometidos; el no contar con sistema de captaci\u00f3n, lavado y extracci\u00f3n de gases de neblina \u00e1cida en la planta de tratamiento del electrolito; la no ejecuci\u00f3n del procedimiento de rescate de fauna silvestre, as\u00ed como la generaci\u00f3n de laminilla de plomo y la producci\u00f3n de cobre electrol\u00edtico por sobre lo evaluado ambientalmente.<\/p>\n<p style=\"text-align: justify;\">Adicionalmente, se imputa a la empresa el no acreditar la certificaci\u00f3n del laboratorio que realiz\u00f3 los muestreos de emisiones de azufre requeridos en el marco del Plan de Descontaminaci\u00f3n del Complejo Industrial Ventanas, as\u00ed como la realizaci\u00f3n de muestreos asociados al Plan de Vigilancia Ambiental en la Bah\u00eda de Quintero por una entidad sin acreditaci\u00f3n vigente para esos efectos.<\/p>\n<p style=\"text-align: justify;\">El Superintendente del Medio Ambiente, Cristi\u00e1n Franz, explic\u00f3 que \u201cla SMA desarrolla su labor fiscalizadora aplicando los mismos criterios tanto para el sector privado como en el p\u00fablico. En este caso realizamos fiscalizaciones programadas y se incluyeron tambi\u00e9n denuncias asociadas, pues los vecinos de Puchuncav\u00ed han hecho llegar diversas denuncias a nuestra instituci\u00f3n. No obstante, quisiera recalcar que la SMA no tiene competencias sobre todo el complejo industrial, sino s\u00f3lo sobre las partes evaluadas ambientalmente, y que abarcan s\u00f3lo algunas \u00e1reas del recinto\u201d.<\/p>\n<p style=\"text-align: justify;\">Cabe recordar, que la formulaci\u00f3n de cargos es el inicio de un procedimiento sancionatorio por parte de la SMA. En tanto, la empresa podr\u00e1 optar a presentar un Programa de Cumplimiento dentro de 10 d\u00edas h\u00e1biles de plazo desde la notificaci\u00f3n de este acto. En caso que opte por no acogerse a dicho mecanismo, cuenta con un plazo de 15 d\u00edas para formular descargos ante esta Superintendencia.<\/p>\n<p style=\"text-align: justify;\">Para mayores detalles, acceder a la formulaci\u00f3n de cargos en&nbsp;<a href=\"http:\/\/snifa.sma.gob.cl\/v2\/UnidadFiscalizable\/Ficha\/1802\">http:\/\/snifa.sma.gob.cl\/v2\/UnidadFiscalizable\/Ficha\/1802<\/a>&nbsp;<\/p>\n<p style=\"text-align: justify;\"><strong>&nbsp;<\/strong><\/p>\n","protected":false},"excerpt":{"rendered":"<p>La Superintendencia del Medio Ambiente (SMA) detect\u00f3 13 incumplimientos ambientales en las instalaciones ubicadas en la comuna de Puchuncav\u00ed, Regi\u00f3n de Valpara\u00edso.<\/p>\n","protected":false},"author":3,"featured_media":16437,"comment_status":"open","ping_status":"open","sticky":false,"template":"","format":"standard","meta":{"footnotes":""},"categories":[90],"tags":[],"class_list":["post-16438","post","type-post","status-publish","format-standard","has-post-thumbnail","hentry","category-comunicados-noticias"],"_links":{"self":[{"href":"https:\/\/portal.sma.gob.cl\/index.php\/wp-json\/wp\/v2\/posts\/16438","targetHints":{"allow":["GET"]}}],"collection":[{"href":"https:\/\/portal.sma.gob.cl\/index.php\/wp-json\/wp\/v2\/posts"}],"about":[{"href":"https:\/\/portal.sma.gob.cl\/index.php\/wp-json\/wp\/v2\/types\/post"}],"author":[{"embeddable":true,"href":"https:\/\/portal.sma.gob.cl\/index.php\/wp-json\/wp\/v2\/users\/3"}],"replies":[{"embeddable":true,"href":"https:\/\/portal.sma.gob.cl\/index.php\/wp-json\/wp\/v2\/comments?post=16438"}],"version-history":[{"count":0,"href":"https:\/\/portal.sma.gob.cl\/index.php\/wp-json\/wp\/v2\/posts\/16438\/revisions"}],"wp:featuredmedia":[{"embeddable":true,"href":"https:\/\/portal.sma.gob.cl\/index.php\/wp-json\/wp\/v2\/media\/16437"}],"wp:attachment":[{"href":"https:\/\/portal.sma.gob.cl\/index.php\/wp-json\/wp\/v2\/media?parent=16438"}],"wp:term":[{"taxonomy":"category","embeddable":true,"href":"https:\/\/portal.sma.gob.cl\/index.php\/wp-json\/wp\/v2\/categories?post=16438"},{"taxonomy":"post_tag","embeddable":true,"href":"https:\/\/portal.sma.gob.cl\/index.php\/wp-json\/wp\/v2\/tags?post=16438"}],"curies":[{"name":"wp","href":"https:\/\/api.w.org\/{rel}","templated":true}]}}