{"id":16440,"date":"2016-05-10T19:46:11","date_gmt":"2016-05-10T19:46:11","guid":{"rendered":"https:\/\/portal.sma.gob.cl\/index.php\/2016\/05\/10\/superintendente-realiza-actividades-en-coyhaique-en-el-marco-del-nuevo-plan-de-descontaminacion\/"},"modified":"2016-05-10T19:46:11","modified_gmt":"2016-05-10T19:46:11","slug":"superintendente-realiza-actividades-en-coyhaique-en-el-marco-del-nuevo-plan-de-descontaminacion","status":"publish","type":"post","link":"https:\/\/portal.sma.gob.cl\/index.php\/superintendente-realiza-actividades-en-coyhaique-en-el-marco-del-nuevo-plan-de-descontaminacion\/","title":{"rendered":"Superintendente realiza actividades en Coyhaique en el marco del nuevo Plan de Descontaminaci\u00f3n"},"content":{"rendered":"<p style=\"text-align: justify;\"><strong><img decoding=\"async\" class=\"size-auto size-full wp-image-16439\" src=\"https:\/\/portal.sma.gob.cl\/wp-content\/uploads\/2016\/05\/AYSENNOTA.jpg\" alt=\"AYSENNOTA\" width=\"760\" height=\"360\" srcset=\"https:\/\/portal.sma.gob.cl\/wp-content\/uploads\/2016\/05\/AYSENNOTA-200x95.jpg 200w, https:\/\/portal.sma.gob.cl\/wp-content\/uploads\/2016\/05\/AYSENNOTA-300x142.jpg 300w, https:\/\/portal.sma.gob.cl\/wp-content\/uploads\/2016\/05\/AYSENNOTA-400x189.jpg 400w, https:\/\/portal.sma.gob.cl\/wp-content\/uploads\/2016\/05\/AYSENNOTA-600x284.jpg 600w, https:\/\/portal.sma.gob.cl\/wp-content\/uploads\/2016\/05\/AYSENNOTA.jpg 760w\" sizes=\"(max-width: 760px) 100vw, 760px\" \/><\/strong><\/p>\n<p style=\"text-align: justify;\"><strong>La autoridad particip\u00f3 en la ceremonia de recambio de calefactores y en reuniones con el Intendente y seremis de la regi\u00f3n, con el objetivo de coordinar la fiscalizaci\u00f3n del nuevo PDA.<\/strong><\/p>\n<p>  <!--more-->  <\/p>\n<p style=\"text-align: justify;\"><strong>Coyhaique, 06 de mayo de 2016<\/strong>. El Superintendente del Medio Ambiente (SMA), Cristi\u00e1n Franz, realiz\u00f3 una visita de dos d\u00edas a la capital de la regi\u00f3n de Ays\u00e9n para analizar junto a autoridades locales las distintas medidas del nuevo Plan de Descontaminaci\u00f3n (PDA) de Coyhaique.<\/p>\n<p style=\"text-align: justify;\">Las actividades, que comenzaron el jueves 5 de mayo, fueron encabezadas por el ministro del Medio Ambiente, Pablo Badenier, quien realiz\u00f3 la entrega de certificados para el Recambio de Calefactores realizada en la Escuela Baquedano. Esta es una de las medidas incluidas en el PDA de Coyhaique, que busca entregar nuevas tecnolog\u00edas con mayor captura de emisiones y m\u00e1s eficiencia energ\u00e9tica para los hogares. \u201cHacemos un llamado a la ciudadan\u00eda para que sea protagonista de este nuevo Plan de Descontaminaci\u00f3n acatando las medidas de restricci\u00f3n al uso de le\u00f1a durante los d\u00edas de alerta, pre-emergencia y emergencia. Todos los vecinos son responsables de contribuir a un medio ambiente menos contaminado\u201d, dijo el Superintendente Franz en la actividad.<\/p>\n<p style=\"text-align: justify;\">Cabe recordar que el nuevo PDA de Coyhaique busca mejorar la calidad del aire bajando los niveles de contaminaci\u00f3n que se producen en esa ciudad, especialmente por el uso de la le\u00f1a como combustible de calefacci\u00f3n.<\/p>\n<p style=\"text-align: justify;\">Durante el d\u00eda viernes 6 de mayo el Superintendente particip\u00f3 en una reuni\u00f3n con el Intendente Regional, Jorge Calder\u00f3n, el Gobernador de Coyhaique, Cristi\u00e1n L\u00f3pez, donde adem\u00e1s participaron todos los organismos p\u00fablicos responsables de la fiscalizaci\u00f3n del Plan de Descontaminaci\u00f3n, como la Seremi de Medio Ambiente y Seremi de Salud, entre otros. En la reuni\u00f3n se discutieron estrategias para implementar de la mejor forma el nuevo PDA.<\/p>\n<p style=\"text-align: justify;\">En la reuni\u00f3n se reiteraron las responsabilidades de cada servicio en el marco del PDA. Por ejemplo, la SMA fiscalizar\u00e1 las medidas que rigen para las fuentes fijas, servicios p\u00fablicos y locales comerciales. La fiscalizaci\u00f3n de las estufas a le\u00f1as en hogares particulares se realizar\u00e1 por parte de la Seremi de Salud, mientras que el comercio de le\u00f1a seca ser\u00e1 fiscalizado por la Municipalidad de Coyhaique. En tanto, la fiscalizaci\u00f3n de la prohibici\u00f3n de quemas agr\u00edcolas y rastrojos ser\u00e1 de responsabilidad de CONAF y SAG.<\/p>\n","protected":false},"excerpt":{"rendered":"<p>La autoridad particip\u00f3 en la ceremonia de recambio de calefactores y en reuniones con el Intendente y seremis de la regi\u00f3n, con el objetivo de coordinar la fiscalizaci\u00f3n del nuevo PDA.<\/p>\n","protected":false},"author":3,"featured_media":16439,"comment_status":"open","ping_status":"open","sticky":false,"template":"","format":"standard","meta":{"footnotes":""},"categories":[94],"tags":[],"class_list":["post-16440","post","type-post","status-publish","format-standard","has-post-thumbnail","hentry","category-notas-noticias"],"_links":{"self":[{"href":"https:\/\/portal.sma.gob.cl\/index.php\/wp-json\/wp\/v2\/posts\/16440","targetHints":{"allow":["GET"]}}],"collection":[{"href":"https:\/\/portal.sma.gob.cl\/index.php\/wp-json\/wp\/v2\/posts"}],"about":[{"href":"https:\/\/portal.sma.gob.cl\/index.php\/wp-json\/wp\/v2\/types\/post"}],"author":[{"embeddable":true,"href":"https:\/\/portal.sma.gob.cl\/index.php\/wp-json\/wp\/v2\/users\/3"}],"replies":[{"embeddable":true,"href":"https:\/\/portal.sma.gob.cl\/index.php\/wp-json\/wp\/v2\/comments?post=16440"}],"version-history":[{"count":0,"href":"https:\/\/portal.sma.gob.cl\/index.php\/wp-json\/wp\/v2\/posts\/16440\/revisions"}],"wp:featuredmedia":[{"embeddable":true,"href":"https:\/\/portal.sma.gob.cl\/index.php\/wp-json\/wp\/v2\/media\/16439"}],"wp:attachment":[{"href":"https:\/\/portal.sma.gob.cl\/index.php\/wp-json\/wp\/v2\/media?parent=16440"}],"wp:term":[{"taxonomy":"category","embeddable":true,"href":"https:\/\/portal.sma.gob.cl\/index.php\/wp-json\/wp\/v2\/categories?post=16440"},{"taxonomy":"post_tag","embeddable":true,"href":"https:\/\/portal.sma.gob.cl\/index.php\/wp-json\/wp\/v2\/tags?post=16440"}],"curies":[{"name":"wp","href":"https:\/\/api.w.org\/{rel}","templated":true}]}}