{"id":16444,"date":"2016-05-24T20:01:53","date_gmt":"2016-05-24T20:01:53","guid":{"rendered":"https:\/\/portal.sma.gob.cl\/index.php\/2016\/05\/24\/sma-inaugura-su-oficina-regional-de-rancagua\/"},"modified":"2016-05-24T20:01:53","modified_gmt":"2016-05-24T20:01:53","slug":"sma-inaugura-su-oficina-regional-de-rancagua","status":"publish","type":"post","link":"https:\/\/portal.sma.gob.cl\/index.php\/sma-inaugura-su-oficina-regional-de-rancagua\/","title":{"rendered":"SMA inaugura su Oficina Regional de Rancagua"},"content":{"rendered":"<p style=\"text-align: justify;\"><img decoding=\"async\" class=\"size-auto size-full wp-image-16443\" src=\"https:\/\/portal.sma.gob.cl\/wp-content\/uploads\/2016\/05\/notafinal.jpg\" alt=\"notafinal\" width=\"760\" height=\"360\" srcset=\"https:\/\/portal.sma.gob.cl\/wp-content\/uploads\/2016\/05\/notafinal-200x95.jpg 200w, https:\/\/portal.sma.gob.cl\/wp-content\/uploads\/2016\/05\/notafinal-300x142.jpg 300w, https:\/\/portal.sma.gob.cl\/wp-content\/uploads\/2016\/05\/notafinal-400x189.jpg 400w, https:\/\/portal.sma.gob.cl\/wp-content\/uploads\/2016\/05\/notafinal-600x284.jpg 600w, https:\/\/portal.sma.gob.cl\/wp-content\/uploads\/2016\/05\/notafinal.jpg 760w\" sizes=\"(max-width: 760px) 100vw, 760px\" \/><\/p>\n<p style=\"text-align: justify;\"><strong style=\"font-size: 12.16px; line-height: 1.3em;\">Siguiendo con su despliegue regional, la SMA abri\u00f3 su s\u00e9ptima oficina en la capital de la Regi\u00f3n de O\u2019Higgins.<\/strong><\/p>\n<p>  <!--more-->  <\/p>\n<p style=\"text-align: justify;\"><strong>Rancagua, 24 de mayo de 2016.<\/strong> El Superintendente del Medio Ambiente, Cristi\u00e1n Franz, inaugur\u00f3 esta ma\u00f1ana la s\u00e9ptima oficina regional de la Superintendencia del Medio Ambiente en Rancagua, capital de la Regi\u00f3n de O\u2019Higgins. La ceremonia cont\u00f3 con la presencia del Intendente de la Regi\u00f3n, Pablo Silva; el subsecretario del Medio Ambiente, Marcelo Mena; m\u00e1s diversas autoridades regionales y jefes de servicios p\u00fablicos que forman parte de la Red Nacional de Fiscalizaci\u00f3n Ambiental (RENFA).<br \/>&nbsp;<br \/>\u201cHoy estamos dando un gran paso para nuestra instituci\u00f3n y un gran paso para esta Regi\u00f3n. Hoy estamos materializando el compromiso establecido en el programa de Gobierno de la Presidenta de la Rep\u00fablica, Michelle Bachelet, respecto de la instalaci\u00f3n de la SMA en todas las regiones del pa\u00eds\u201d, dijo Franz al inaugurar el evento.<br \/>&nbsp;<br \/>\u201cUna oficina en la regi\u00f3n les permite a los vecinos de Rancagua y sus alrededores acercarse a la SMA, no s\u00f3lo a hacer denuncias, sino a informarse de nuestro actuar fiscalizador y sancionador. Obviamente, tambi\u00e9n es un lugar donde empresas y sus representantes encontrar\u00e1n asistencia al cumplimiento, pues ustedes ya saben que una de nuestras labores principales es esa: difundir el actuar de la SMA y que las empresas sepan c\u00f3mo ir cumpliendo sus compromisos ambientales\u201d, dijo el Superintendente.<br \/>&nbsp;<br \/>En la oportunidad, se present\u00f3 a Santiago Pinedo, el nuevo jefe de la oficina regional. Pinedo es abogado con post\u00edtulo en Derechos Econ\u00f3micos, Sociales y Culturales y Pol\u00edticas P\u00fablicas de la Fundaci\u00f3n Henry Dunant. Anteriormente se desempe\u00f1aba como Jefe Jur\u00eddico de la Unidad de Energ\u00edas Renovables No Convencionales del Ministerio de Bienes Nacionales.<br \/>&nbsp;<br \/>&nbsp;<strong>Actividades de la SMA en la regi\u00f3n<\/strong><\/p>\n<p style=\"text-align: justify;\">En los \u00faltimos dos a\u00f1os la SMA ha realizado 69 actividades de fiscalizaci\u00f3n en la Regi\u00f3n de O\u2019Higgins. Los sectores econ\u00f3micos que m\u00e1s han sido fiscalizados son las plantas de productos agr\u00edcolas, planteles de cerdos, mataderos\/frigor\u00edficos, y planteles vitivin\u00edcolas. Adem\u00e1s, en la regi\u00f3n la fiscalizaci\u00f3n por ruidos molestos es la actividad que m\u00e1s ha ocupado el actuar de la SMA, en conjunto con los 16 servicios p\u00fablicos que forman parte de la Red Nacional de Fiscalizaci\u00f3n Ambiental (RENFA).<br \/>&nbsp;<br \/>Desde que comenz\u00f3 sus operaciones en 2013, hasta la fecha, la SMA ha iniciado 26 procesos sancionatorios en la regi\u00f3n. Cabe destacar que en la mitad de los casos los infractores se han acogido a Programas de Cumplimiento, que son planes con acciones y metas concretas, que les permiten volver al cumplimiento ambiental. \u201cEsta es una poderosa herramienta de la SMA y busca que las compa\u00f1\u00edas reconozcan las faltas cometidas, generando a la vez un plan de acci\u00f3n para atacar las infracciones de forma r\u00e1pida y oportuna, subsanando los problemas detectados, lo cual significa una mejora directa para las comunidades vecinas que dejan de sentir los impactos de los incumplimientos de las actividades vecinas\u201d, afirm\u00f3 Franz.<\/p>\n","protected":false},"excerpt":{"rendered":"<p>Siguiendo con su despliegue regional, la SMA abri\u00f3 su s\u00e9ptima oficina en la capital de la Regi\u00f3n de O\u2019Higgins.<\/p>\n","protected":false},"author":3,"featured_media":16443,"comment_status":"open","ping_status":"open","sticky":false,"template":"","format":"standard","meta":{"footnotes":""},"categories":[90],"tags":[],"class_list":["post-16444","post","type-post","status-publish","format-standard","has-post-thumbnail","hentry","category-comunicados-noticias"],"_links":{"self":[{"href":"https:\/\/portal.sma.gob.cl\/index.php\/wp-json\/wp\/v2\/posts\/16444","targetHints":{"allow":["GET"]}}],"collection":[{"href":"https:\/\/portal.sma.gob.cl\/index.php\/wp-json\/wp\/v2\/posts"}],"about":[{"href":"https:\/\/portal.sma.gob.cl\/index.php\/wp-json\/wp\/v2\/types\/post"}],"author":[{"embeddable":true,"href":"https:\/\/portal.sma.gob.cl\/index.php\/wp-json\/wp\/v2\/users\/3"}],"replies":[{"embeddable":true,"href":"https:\/\/portal.sma.gob.cl\/index.php\/wp-json\/wp\/v2\/comments?post=16444"}],"version-history":[{"count":0,"href":"https:\/\/portal.sma.gob.cl\/index.php\/wp-json\/wp\/v2\/posts\/16444\/revisions"}],"wp:featuredmedia":[{"embeddable":true,"href":"https:\/\/portal.sma.gob.cl\/index.php\/wp-json\/wp\/v2\/media\/16443"}],"wp:attachment":[{"href":"https:\/\/portal.sma.gob.cl\/index.php\/wp-json\/wp\/v2\/media?parent=16444"}],"wp:term":[{"taxonomy":"category","embeddable":true,"href":"https:\/\/portal.sma.gob.cl\/index.php\/wp-json\/wp\/v2\/categories?post=16444"},{"taxonomy":"post_tag","embeddable":true,"href":"https:\/\/portal.sma.gob.cl\/index.php\/wp-json\/wp\/v2\/tags?post=16444"}],"curies":[{"name":"wp","href":"https:\/\/api.w.org\/{rel}","templated":true}]}}