{"id":16450,"date":"2016-06-07T13:44:54","date_gmt":"2016-06-07T13:44:54","guid":{"rendered":"https:\/\/portal.sma.gob.cl\/index.php\/2016\/06\/07\/sma-se-reune-con-sernapesca-y-directemar-en-puerto-aysen-para-revisar-planes-de-contingencia-de-salmoneras\/"},"modified":"2016-06-07T13:44:54","modified_gmt":"2016-06-07T13:44:54","slug":"sma-se-reune-con-sernapesca-y-directemar-en-puerto-aysen-para-revisar-planes-de-contingencia-de-salmoneras","status":"publish","type":"post","link":"https:\/\/portal.sma.gob.cl\/index.php\/sma-se-reune-con-sernapesca-y-directemar-en-puerto-aysen-para-revisar-planes-de-contingencia-de-salmoneras\/","title":{"rendered":"SMA se re\u00fane con Sernapesca y Directemar en Puerto Ays\u00e9n para revisar planes de contingencia de salmoneras"},"content":{"rendered":"<p style=\"text-align: justify;\"><strong><img decoding=\"async\" class=\"size-auto size-full wp-image-16449\" src=\"https:\/\/portal.sma.gob.cl\/wp-content\/uploads\/2016\/06\/nota-sernapesca.jpg\" alt=\"nota-sernapesca\" width=\"760\" height=\"360\" srcset=\"https:\/\/portal.sma.gob.cl\/wp-content\/uploads\/2016\/06\/nota-sernapesca-200x95.jpg 200w, https:\/\/portal.sma.gob.cl\/wp-content\/uploads\/2016\/06\/nota-sernapesca-300x142.jpg 300w, https:\/\/portal.sma.gob.cl\/wp-content\/uploads\/2016\/06\/nota-sernapesca-400x189.jpg 400w, https:\/\/portal.sma.gob.cl\/wp-content\/uploads\/2016\/06\/nota-sernapesca-600x284.jpg 600w, https:\/\/portal.sma.gob.cl\/wp-content\/uploads\/2016\/06\/nota-sernapesca.jpg 760w\" sizes=\"(max-width: 760px) 100vw, 760px\" \/><\/strong><\/p>\n<p style=\"text-align: justify;\"><strong style=\"font-size: 12.16px; line-height: 1.3em;\">El Superintendente, Cristi\u00e1n Franz, se reuni\u00f3 con el director regional de Sernapesca, Cristi\u00e1n Hudson, y el Gobernador Mar\u00edtimo de Ays\u00e9n, Jaime Aros.<\/strong><\/p>\n<p>  <!--more-->  <\/p>\n<p style=\"text-align: justify;\"><strong>Puerto Ays\u00e9n, 2 de junio de 2016.<\/strong> El Superintendente del Medio Ambiente, Cristi\u00e1n Franz, se reuni\u00f3 esta ma\u00f1ana con el director regional del Servicio Nacional de Pesca (Sernapesca), Cristi\u00e1n Hudson, en Puerto Ays\u00e9n. En la cita, profesionales del \u00e1rea ambiental de la instituci\u00f3n realizaron una exposici\u00f3n respecto de la situaci\u00f3n de la salmonicultura en la regi\u00f3n de Ays\u00e9n, la segunda de mayor producci\u00f3n en el pa\u00eds.<\/p>\n<p style=\"text-align: justify;\">Posteriormente, durante la tarde se llev\u00f3 a cabo una reuni\u00f3n con el Gobernador Mar\u00edtimo de Ays\u00e9n, Jaime Aros, quien junto a profesionales de Directemar explicaron las labores que realizan respecto del monitoreo ambiental de centros de cultivo. La actividad incluy\u00f3 una navegaci\u00f3n por el fiordo de Ays\u00e9n y una fiscalizaci\u00f3n a un centro de engorda de salm\u00f3nidos.<\/p>\n<p style=\"text-align: justify;\">El objetivo de ambas actividades es coordinar los esfuerzos de fiscalizaci\u00f3n de la SMA y de los 16 servicios p\u00fablicos que forman parte de la Red Nacional de Fiscalizaci\u00f3n Ambiental, RENFA, de la cual Sernapesca y Directemar son piezas fundamentales para las inspecciones que se realizan en la zona sur del pa\u00eds. Actualmente se est\u00e1 desarrollando un an\u00e1lisis respecto de los planes de contingencia con que deben contar los centros de cultivo, especialmente en la Regi\u00f3n de Ays\u00e9n, con el fin de tener monitoreada la respuesta que debe dar la industria del salm\u00f3n ante casos como los ocurridos recientemente en la regi\u00f3n de Los Lagos.<\/p>\n<p style=\"text-align: justify;\">\u201cAmbas reuniones fueron muy productivas y nos permiten fortalecer los lazos con los servicios que est\u00e1n en la fiscalizaci\u00f3n diaria de las actividades salmoneras. Como SMA nos interesa que podamos hacer una labor preventiva, por eso estamos haciendo un levantamiento de los planes de contingencia en la regi\u00f3n, para que todas las empresas tengan muy claros los pasos a seguir ante eventuales situaciones de crisis, como el Florecimiento de Algas Nocivas (FAN) u otro factor que pueda influir en la producci\u00f3n\u201d, dijo el Superintendente Franz.<\/p>\n<p style=\"text-align: justify;\"><strong>El sector salmonero en la Regi\u00f3n de Ays\u00e9n<\/strong><br \/>En la XI regi\u00f3n existen 148 centros de cultivo operando actualmente. En 2015, Sernapesca realiz\u00f3 16 campa\u00f1as ambientales y 345 inspecciones a centros de cultivo, de los cuales un 77% cuenta con Resoluci\u00f3n de Calificaci\u00f3n Ambiental (RCA) y un 23% a instalaciones que no han sido evaluadas ambientalmente, debido a su tama\u00f1o o antig\u00fcedad.<\/p>\n<p style=\"text-align: justify;\">Se est\u00e1 realizando una intensa fiscalizaci\u00f3n en centros de cultivo en descanso sanitario, para verificar el cumplimiento del retiro de redes, destinaci\u00f3n de estructuras flotantes, destino de elementos de flotaci\u00f3n, entre otros. \u201cNo puede ocurrir que cuando un barrio entra en descanso, entre en abandono\u201d, dijo el director regional de Sernapesca, Cristi\u00e1n Hudson.<\/p>\n<p style=\"text-align: justify;\">En tanto, el Superintendente Franz, indic\u00f3 que la SMA est\u00e1 atenta al comportamiento del sector y trabaja mano a mano con Sernapesca, con el objetivo de monitorear el cumplimiento de las obligaciones de los titulares, establecidos en sus respectivas Resoluciones de Calificaci\u00f3n Ambiental (RCA).<\/p>\n","protected":false},"excerpt":{"rendered":"<p>El Superintendente, Cristi\u00e1n Franz, se reuni\u00f3 con el director regional de Sernapesca, Cristi\u00e1n Hudson, y el Gobernador Mar\u00edtimo de Ays\u00e9n, Jaime Aros.<\/p>\n","protected":false},"author":3,"featured_media":16449,"comment_status":"open","ping_status":"open","sticky":false,"template":"","format":"standard","meta":{"footnotes":""},"categories":[94],"tags":[],"class_list":["post-16450","post","type-post","status-publish","format-standard","has-post-thumbnail","hentry","category-notas-noticias"],"_links":{"self":[{"href":"https:\/\/portal.sma.gob.cl\/index.php\/wp-json\/wp\/v2\/posts\/16450","targetHints":{"allow":["GET"]}}],"collection":[{"href":"https:\/\/portal.sma.gob.cl\/index.php\/wp-json\/wp\/v2\/posts"}],"about":[{"href":"https:\/\/portal.sma.gob.cl\/index.php\/wp-json\/wp\/v2\/types\/post"}],"author":[{"embeddable":true,"href":"https:\/\/portal.sma.gob.cl\/index.php\/wp-json\/wp\/v2\/users\/3"}],"replies":[{"embeddable":true,"href":"https:\/\/portal.sma.gob.cl\/index.php\/wp-json\/wp\/v2\/comments?post=16450"}],"version-history":[{"count":0,"href":"https:\/\/portal.sma.gob.cl\/index.php\/wp-json\/wp\/v2\/posts\/16450\/revisions"}],"wp:featuredmedia":[{"embeddable":true,"href":"https:\/\/portal.sma.gob.cl\/index.php\/wp-json\/wp\/v2\/media\/16449"}],"wp:attachment":[{"href":"https:\/\/portal.sma.gob.cl\/index.php\/wp-json\/wp\/v2\/media?parent=16450"}],"wp:term":[{"taxonomy":"category","embeddable":true,"href":"https:\/\/portal.sma.gob.cl\/index.php\/wp-json\/wp\/v2\/categories?post=16450"},{"taxonomy":"post_tag","embeddable":true,"href":"https:\/\/portal.sma.gob.cl\/index.php\/wp-json\/wp\/v2\/tags?post=16450"}],"curies":[{"name":"wp","href":"https:\/\/api.w.org\/{rel}","templated":true}]}}