{"id":16452,"date":"2016-06-07T19:10:14","date_gmt":"2016-06-07T19:10:14","guid":{"rendered":"https:\/\/portal.sma.gob.cl\/index.php\/2016\/06\/07\/sma-inaugura-su-oficina-regional-de-tarapaca\/"},"modified":"2016-06-07T19:10:14","modified_gmt":"2016-06-07T19:10:14","slug":"sma-inaugura-su-oficina-regional-de-tarapaca","status":"publish","type":"post","link":"https:\/\/portal.sma.gob.cl\/index.php\/sma-inaugura-su-oficina-regional-de-tarapaca\/","title":{"rendered":"SMA inaugura su Oficina Regional de Tarapac\u00e1"},"content":{"rendered":"<p style=\"text-align: justify;\"><strong><img decoding=\"async\" class=\"size-auto size-full wp-image-16451\" src=\"https:\/\/portal.sma.gob.cl\/wp-content\/uploads\/2016\/06\/nota-iquique.jpg\" alt=\"nota-iquique\" width=\"760\" height=\"360\" srcset=\"https:\/\/portal.sma.gob.cl\/wp-content\/uploads\/2016\/06\/nota-iquique-200x95.jpg 200w, https:\/\/portal.sma.gob.cl\/wp-content\/uploads\/2016\/06\/nota-iquique-300x142.jpg 300w, https:\/\/portal.sma.gob.cl\/wp-content\/uploads\/2016\/06\/nota-iquique-400x189.jpg 400w, https:\/\/portal.sma.gob.cl\/wp-content\/uploads\/2016\/06\/nota-iquique-600x284.jpg 600w, https:\/\/portal.sma.gob.cl\/wp-content\/uploads\/2016\/06\/nota-iquique.jpg 760w\" sizes=\"(max-width: 760px) 100vw, 760px\" \/><\/strong><\/p>\n<p style=\"text-align: justify;\"><strong>Siguiendo con su despliegue regional, la SMA abri\u00f3 su octava oficina en Iquique.<\/strong><\/p>\n<p>  <!--more-->  <\/p>\n<p style=\"text-align: justify;\"><strong>Iquique, 7 de junio de 2016.<\/strong> El Superintendente del Medio Ambiente, Cristi\u00e1n Franz, inaugur\u00f3 esta ma\u00f1ana la octava oficina regional de la Superintendencia del Medio Ambiente en Iquique, capital de la Regi\u00f3n de Tarapac\u00e1. La actividad cont\u00f3 con la presencia del Seremi de Medio Ambiente, Patricio Villablanca; el director regional del Servicio de Evaluaci\u00f3n Ambiental, Pedro Valenzuela; el Gobernador Mar\u00edtimo de Iquique, Comandante Eduardo Rubilar, entre otros.<\/p>\n<p style=\"text-align: justify;\">\u201cHoy estamos dando un gran paso para nuestra instituci\u00f3n y un gran paso para esta Regi\u00f3n. Hoy estamos materializando el compromiso establecido en el programa de Gobierno de la Presidenta de la Rep\u00fablica, Michelle Bachelet, respecto de la instalaci\u00f3n de la SMA en todas las regiones del pa\u00eds\u201d, dijo Franz al inaugurar el evento.<\/p>\n<p style=\"text-align: justify;\">\u201cUna oficina en la regi\u00f3n les permite a los vecinos de Iquique, Alto Hospicio, Pica, Cami\u00f1a, Huara, Pozo Almonte, y sus alrededores acercarse a la SMA, no s\u00f3lo a hacer denuncias, sino a informarse de nuestro actuar fiscalizador y sancionador. Obviamente, tambi\u00e9n es un lugar donde empresas y sus representantes encontrar\u00e1n asistencia al cumplimiento, pues ustedes ya saben que una de nuestras labores principales es esa: difundir el actuar de la SMA y que las empresas sepan c\u00f3mo ir cumpliendo sus compromisos ambientales\u201d, dijo el Superintendente.<\/p>\n<p style=\"text-align: justify;\">En la oportunidad, se present\u00f3 a Boris Cerda, el nuevo jefe de la oficina regional. Cerda es ge\u00f3grafo de la Pontificia Universidad Cat\u00f3lica de Chile, con un mag\u00edster en derecho ambiental. La oficina estar\u00e1 formada por dos fiscalizadoras y una administrativa. La direcci\u00f3n de la oficina regional es San Mart\u00edn 255, oficina 71, edificio Empressarial, Iquique.<\/p>\n<p style=\"text-align: justify;\"><strong>Actividades de la SMA en la regi\u00f3n<\/strong><br \/>\u2028En los \u00faltimos dos a\u00f1os la SMA ha realizado 41 actividades de fiscalizaci\u00f3n en la Regi\u00f3n de Tarapac\u00e1 Los sectores econ\u00f3micos que m\u00e1s han sido fiscalizados son miner\u00eda \u2013met\u00e1lica y no met\u00e1lica-, las plantas procesadoras de productos qu\u00edmicos y las plantas de agua potable. Adem\u00e1s, en la regi\u00f3n la fiscalizaci\u00f3n por ruidos molestos es la actividad que m\u00e1s ha ocupado el actuar de la SMA, en conjunto con los 16 servicios p\u00fablicos que forman parte de la Red Nacional de Fiscalizaci\u00f3n Ambiental (RENFA).<\/p>\n<p style=\"text-align: justify;\">Desde que comenz\u00f3 sus operaciones en 2013, hasta la fecha, la SMA ha iniciado 6 procesos sancionatorios en la regi\u00f3n, entre los que destacan procesos contra mineras, empresas termoel\u00e9ctricas y el almacenaje de productos peligrosos. Cabe destacar que en la mitad de los casos los infractores se han acogido a Programas de Cumplimiento, que son planes con acciones y metas concretas, que les permiten volver al cumplimiento ambiental.<\/p>\n<p style=\"text-align: justify;\">\u201cEsta es una poderosa herramienta de la SMA y busca que las compa\u00f1\u00edas reconozcan las faltas cometidas, generando a la vez un plan de acci\u00f3n para atacar las infracciones de forma r\u00e1pida y oportuna, subsanando los problemas detectados, lo cual significa una mejora directa para las comunidades vecinas que dejan de sentir los impactos de los incumplimientos de las actividades vecinas\u201d, afirm\u00f3 Franz.<\/p>\n","protected":false},"excerpt":{"rendered":"<p>Siguiendo con su despliegue regional, la SMA abri\u00f3 su octava oficina en Iquique.<\/p>\n","protected":false},"author":3,"featured_media":16451,"comment_status":"open","ping_status":"open","sticky":false,"template":"","format":"standard","meta":{"footnotes":""},"categories":[90],"tags":[],"class_list":["post-16452","post","type-post","status-publish","format-standard","has-post-thumbnail","hentry","category-comunicados-noticias"],"_links":{"self":[{"href":"https:\/\/portal.sma.gob.cl\/index.php\/wp-json\/wp\/v2\/posts\/16452","targetHints":{"allow":["GET"]}}],"collection":[{"href":"https:\/\/portal.sma.gob.cl\/index.php\/wp-json\/wp\/v2\/posts"}],"about":[{"href":"https:\/\/portal.sma.gob.cl\/index.php\/wp-json\/wp\/v2\/types\/post"}],"author":[{"embeddable":true,"href":"https:\/\/portal.sma.gob.cl\/index.php\/wp-json\/wp\/v2\/users\/3"}],"replies":[{"embeddable":true,"href":"https:\/\/portal.sma.gob.cl\/index.php\/wp-json\/wp\/v2\/comments?post=16452"}],"version-history":[{"count":0,"href":"https:\/\/portal.sma.gob.cl\/index.php\/wp-json\/wp\/v2\/posts\/16452\/revisions"}],"wp:featuredmedia":[{"embeddable":true,"href":"https:\/\/portal.sma.gob.cl\/index.php\/wp-json\/wp\/v2\/media\/16451"}],"wp:attachment":[{"href":"https:\/\/portal.sma.gob.cl\/index.php\/wp-json\/wp\/v2\/media?parent=16452"}],"wp:term":[{"taxonomy":"category","embeddable":true,"href":"https:\/\/portal.sma.gob.cl\/index.php\/wp-json\/wp\/v2\/categories?post=16452"},{"taxonomy":"post_tag","embeddable":true,"href":"https:\/\/portal.sma.gob.cl\/index.php\/wp-json\/wp\/v2\/tags?post=16452"}],"curies":[{"name":"wp","href":"https:\/\/api.w.org\/{rel}","templated":true}]}}