{"id":16465,"date":"2016-06-30T14:47:24","date_gmt":"2016-06-30T14:47:24","guid":{"rendered":"https:\/\/portal.sma.gob.cl\/index.php\/2016\/06\/30\/sociedad-civil-consejo-sma\/"},"modified":"2016-06-30T14:47:24","modified_gmt":"2016-06-30T14:47:24","slug":"sociedad-civil-consejo-sma","status":"publish","type":"post","link":"https:\/\/portal.sma.gob.cl\/index.php\/sociedad-civil-consejo-sma\/","title":{"rendered":"SMA da la bienvenida a su nuevo Consejo de la Sociedad Civil"},"content":{"rendered":"<p style=\"text-align: justify;\"><strong><img decoding=\"async\" class=\"size-auto size-full wp-image-16464\" src=\"https:\/\/portal.sma.gob.cl\/wp-content\/uploads\/2016\/06\/ConsejoSocCivilNOTA.jpg\" alt=\"ConsejoSocCivilNOTA\" width=\"760\" height=\"360\" srcset=\"https:\/\/portal.sma.gob.cl\/wp-content\/uploads\/2016\/06\/ConsejoSocCivilNOTA-200x95.jpg 200w, https:\/\/portal.sma.gob.cl\/wp-content\/uploads\/2016\/06\/ConsejoSocCivilNOTA-300x142.jpg 300w, https:\/\/portal.sma.gob.cl\/wp-content\/uploads\/2016\/06\/ConsejoSocCivilNOTA-400x189.jpg 400w, https:\/\/portal.sma.gob.cl\/wp-content\/uploads\/2016\/06\/ConsejoSocCivilNOTA-600x284.jpg 600w, https:\/\/portal.sma.gob.cl\/wp-content\/uploads\/2016\/06\/ConsejoSocCivilNOTA.jpg 760w\" sizes=\"(max-width: 760px) 100vw, 760px\" \/><\/strong><\/p>\n<p style=\"text-align: justify;\"><strong>La instancia cuenta con nuevos representantes del mundo acad\u00e9mico, centros de estudios y ONG.<\/strong><\/p>\n<p>  <!--more-->  <\/p>\n<p style=\"text-align: justify;\"><strong>Santiago, 29 de junio de 2016.<\/strong> Esta ma\u00f1ana se realiz\u00f3 la primera sesi\u00f3n del tercer Consejo de la Sociedad Civil de la Superintendencia del Medio Ambiente (SMA), instancia que se enmarca en el contexto de la Ley 20.500, Sobre Asociaciones y Participaci\u00f3n Ciudadana en la Gesti\u00f3n P\u00fablica.<\/p>\n<p style=\"text-align: justify;\">En esta oportunidad, el Superintendente del Medio Ambiente, Cristi\u00e1n Franz, dio la bienvenida a los miembros de esta instancia, y realiz\u00f3 un repaso sobre la gesti\u00f3n 2015 de la SMA. En ese sentido, explic\u00f3 que la instituci\u00f3n est\u00e1 viviendo una \u201cconsolidaci\u00f3n institucional, con la apertura de nuevas oficinas. Acabamos de inaugurar las oficinas regionales en Iquique y Rancagua, mientras que en los pr\u00f3ximos meses inauguraremos la oficina de Puerto Montt, lo que nos llevar\u00e1 a terminar 2016 con nueve oficinas regionales. Esto ha llevado a que el grupo humano crezca fuertemente, lo cual obviamente implica importantes desaf\u00edos para crecer con calidad\u201d, explic\u00f3.<\/p>\n<p style=\"text-align: justify;\">Cabe destacar que la renovaci\u00f3n de los miembros del Consejo de la SMA se produce cada dos a\u00f1os. En la sesi\u00f3n de hoy, participaron ocho miembros del Consejo: Sergio Montenegro (Centro de Derecho Ambiental de la U. de Chile); Mar\u00eda Francisca Bardi (Fundaci\u00f3n Kennedy); Keyla Majluf (Asipec AG); Ricardo Figueroa (Facultad de Ciencias Ambientales de la U. de Concepci\u00f3n); Alejandra \u00c1vila (Colegio de Ge\u00f3logos); Jaime Esp\u00ednola (Asociaci\u00f3n de Generadoras); Andr\u00e9s Hernando (Centro de Estudios P\u00fablicos) y Ezio Costa (ONG FIMA), quien adem\u00e1s fue elegido como el Presidente del Consejo de la Sociedad Civil para el per\u00edodo 2016-2018.<\/p>\n<p style=\"text-align: justify;\">Cabe destacar que dicho Consejo tiene un car\u00e1cter consultivo, representativo, plural y diverso. Tambi\u00e9n participa en los procesos de consulta de los planes, programas o pol\u00edticas en materia de seguimiento y fiscalizaci\u00f3n ambiental que la instituci\u00f3n estime pertinente. La instancia est\u00e1 integrada por 10 representantes de gremios, ONG, universidades y centros de estudio.<\/p>\n","protected":false},"excerpt":{"rendered":"<p>La instancia cuenta con nuevos representantes del mundo acad\u00e9mico, centros de estudios y ONG.<\/p>\n","protected":false},"author":3,"featured_media":16464,"comment_status":"open","ping_status":"open","sticky":false,"template":"","format":"standard","meta":{"footnotes":""},"categories":[94],"tags":[],"class_list":["post-16465","post","type-post","status-publish","format-standard","has-post-thumbnail","hentry","category-notas-noticias"],"_links":{"self":[{"href":"https:\/\/portal.sma.gob.cl\/index.php\/wp-json\/wp\/v2\/posts\/16465","targetHints":{"allow":["GET"]}}],"collection":[{"href":"https:\/\/portal.sma.gob.cl\/index.php\/wp-json\/wp\/v2\/posts"}],"about":[{"href":"https:\/\/portal.sma.gob.cl\/index.php\/wp-json\/wp\/v2\/types\/post"}],"author":[{"embeddable":true,"href":"https:\/\/portal.sma.gob.cl\/index.php\/wp-json\/wp\/v2\/users\/3"}],"replies":[{"embeddable":true,"href":"https:\/\/portal.sma.gob.cl\/index.php\/wp-json\/wp\/v2\/comments?post=16465"}],"version-history":[{"count":0,"href":"https:\/\/portal.sma.gob.cl\/index.php\/wp-json\/wp\/v2\/posts\/16465\/revisions"}],"wp:featuredmedia":[{"embeddable":true,"href":"https:\/\/portal.sma.gob.cl\/index.php\/wp-json\/wp\/v2\/media\/16464"}],"wp:attachment":[{"href":"https:\/\/portal.sma.gob.cl\/index.php\/wp-json\/wp\/v2\/media?parent=16465"}],"wp:term":[{"taxonomy":"category","embeddable":true,"href":"https:\/\/portal.sma.gob.cl\/index.php\/wp-json\/wp\/v2\/categories?post=16465"},{"taxonomy":"post_tag","embeddable":true,"href":"https:\/\/portal.sma.gob.cl\/index.php\/wp-json\/wp\/v2\/tags?post=16465"}],"curies":[{"name":"wp","href":"https:\/\/api.w.org\/{rel}","templated":true}]}}