{"id":16467,"date":"2016-07-01T14:29:46","date_gmt":"2016-07-01T14:29:46","guid":{"rendered":"https:\/\/portal.sma.gob.cl\/index.php\/2016\/07\/01\/superintendente-participa-en-seminario-internacional-sobre-precio-al-carbono-y-crecimiento-verde\/"},"modified":"2016-07-01T14:29:46","modified_gmt":"2016-07-01T14:29:46","slug":"superintendente-participa-en-seminario-internacional-sobre-precio-al-carbono-y-crecimiento-verde","status":"publish","type":"post","link":"https:\/\/portal.sma.gob.cl\/index.php\/superintendente-participa-en-seminario-internacional-sobre-precio-al-carbono-y-crecimiento-verde\/","title":{"rendered":"Superintendente participa en seminario internacional sobre precio al Carbono y Crecimiento Verde"},"content":{"rendered":"<p style=\"text-align: justify;\"><strong><img decoding=\"async\" class=\"size-auto size-full wp-image-16466\" src=\"https:\/\/portal.sma.gob.cl\/wp-content\/uploads\/2016\/07\/SEMINATONOTA.jpg\" alt=\"SEMINATONOTA\" width=\"760\" height=\"360\" srcset=\"https:\/\/portal.sma.gob.cl\/wp-content\/uploads\/2016\/07\/SEMINATONOTA-200x95.jpg 200w, https:\/\/portal.sma.gob.cl\/wp-content\/uploads\/2016\/07\/SEMINATONOTA-300x142.jpg 300w, https:\/\/portal.sma.gob.cl\/wp-content\/uploads\/2016\/07\/SEMINATONOTA-400x189.jpg 400w, https:\/\/portal.sma.gob.cl\/wp-content\/uploads\/2016\/07\/SEMINATONOTA-600x284.jpg 600w, https:\/\/portal.sma.gob.cl\/wp-content\/uploads\/2016\/07\/SEMINATONOTA.jpg 760w\" sizes=\"(max-width: 760px) 100vw, 760px\" \/><\/strong><\/p>\n<p style=\"text-align: justify;\"><strong>La actividad, inaugurada por la Presidenta Michelle Bachelet, busca iniciar el dialogo entre los pa\u00edses de la Alianza del Pac\u00edfico en torno a las pol\u00edticas de precio al carbono y el crecimiento sustentable en la regi\u00f3n.<\/strong><\/p>\n<p>  <!--more-->  <\/p>\n<p style=\"text-align: justify;\"><strong>Santiago, 30 de junio de 2016.<\/strong> El Superintendente del Medio Ambiente, Cristi\u00e1n Franz, dirigi\u00f3 esta ma\u00f1ana el Panel \u201cExperiencia Internacional en el precio al carbono y lecciones aprendidas\u201d. La instancia fue uno de los paneles del seminario \u201cDi\u00e1logo Regional de Alto Nivel sobre precio al Carbono y Crecimiento Verde: Alcanzando un crecimiento bajo en carbono competitivo en Am\u00e9rica Latina\u201d.<\/p>\n<p style=\"text-align: justify;\">La instancia, cont\u00f3 con la presencia de la Presidenta Michelle Bachelet, quien indic\u00f3 que \u201cel crecimiento verde no es ni un lujo ni el privilegio de unos pocos; es uno de los pilares para construir nuestro desarrollo. Y ese es el camino que estamos tomando en Chile\u201d.<\/p>\n<p style=\"text-align: justify;\">El Superintendente Franz, detall\u00f3 la importancia que ha ido cobrando el tema de las emisiones en Chile, haciendo \u00e9nfasis en el nuevo \u201cimpuesto verde\u201d a las emisiones fijas. En ese sentido, explic\u00f3 el rol que juega la SMA, como responsable de determinar las emisiones de las centrales termoel\u00e9ctricas, mediante sistemas de monitoreo (CEMS), y la metodolog\u00eda de estimaci\u00f3n de emisiones a trav\u00e9s de instructivo.<\/p>\n<p style=\"text-align: justify;\">En el panel que dirigi\u00f3 Franz participaron tres expositores. El primero fue Cecil Morden, director ejecutivo de la Tesorer\u00eda Nacional de Sud\u00e1frica, quien explic\u00f3 c\u00f3mo el gobierno de ese pa\u00eds ha impuesto un royalty a la miner\u00eda, una reforma fiscal ambiental y hoy debate una propuesta de impuesto al carbono.<br \/>El segundo expositor, Richard Purnell, director de pol\u00edtica tributaria del Ministerio de Finanzas del Gobierno Provincial de British Columbia en Canad\u00e1, explic\u00f3 la implementaci\u00f3n del impuesto al carbono en esa ciudad. Actualmente, explic\u00f3 Purnell, se ha formado en Canad\u00e1 un \u201cWorking National Group\u201d que est\u00e1 examinando las opciones de precio al carbono para aplicar en todas las provincias de ese pa\u00eds.<\/p>\n<p style=\"text-align: justify;\">Finalmente, Alex Kossoy, especialista senior del Departamento de Clima y Carbono del Banco Mundial, narr\u00f3 su experiencia por m\u00e1s de 25 a\u00f1os en proyectos relacionados al cambio clim\u00e1tico, entre ellos, el reporte de precio al carbono \u201cState and Trends of Carbon Pricing\u201d del Banco Mundial desde 2010.<\/p>\n","protected":false},"excerpt":{"rendered":"<p>La actividad, inaugurada por la Presidenta Michelle Bachelet, busca iniciar el dialogo entre los pa\u00edses de la Alianza del Pac\u00edfico en torno a las pol\u00edticas de precio al carbono y el crecimiento sustentable en la regi\u00f3n.<\/p>\n","protected":false},"author":3,"featured_media":16466,"comment_status":"open","ping_status":"open","sticky":false,"template":"","format":"standard","meta":{"footnotes":""},"categories":[94],"tags":[],"class_list":["post-16467","post","type-post","status-publish","format-standard","has-post-thumbnail","hentry","category-notas-noticias"],"_links":{"self":[{"href":"https:\/\/portal.sma.gob.cl\/index.php\/wp-json\/wp\/v2\/posts\/16467","targetHints":{"allow":["GET"]}}],"collection":[{"href":"https:\/\/portal.sma.gob.cl\/index.php\/wp-json\/wp\/v2\/posts"}],"about":[{"href":"https:\/\/portal.sma.gob.cl\/index.php\/wp-json\/wp\/v2\/types\/post"}],"author":[{"embeddable":true,"href":"https:\/\/portal.sma.gob.cl\/index.php\/wp-json\/wp\/v2\/users\/3"}],"replies":[{"embeddable":true,"href":"https:\/\/portal.sma.gob.cl\/index.php\/wp-json\/wp\/v2\/comments?post=16467"}],"version-history":[{"count":0,"href":"https:\/\/portal.sma.gob.cl\/index.php\/wp-json\/wp\/v2\/posts\/16467\/revisions"}],"wp:featuredmedia":[{"embeddable":true,"href":"https:\/\/portal.sma.gob.cl\/index.php\/wp-json\/wp\/v2\/media\/16466"}],"wp:attachment":[{"href":"https:\/\/portal.sma.gob.cl\/index.php\/wp-json\/wp\/v2\/media?parent=16467"}],"wp:term":[{"taxonomy":"category","embeddable":true,"href":"https:\/\/portal.sma.gob.cl\/index.php\/wp-json\/wp\/v2\/categories?post=16467"},{"taxonomy":"post_tag","embeddable":true,"href":"https:\/\/portal.sma.gob.cl\/index.php\/wp-json\/wp\/v2\/tags?post=16467"}],"curies":[{"name":"wp","href":"https:\/\/api.w.org\/{rel}","templated":true}]}}