{"id":16480,"date":"2016-07-15T20:14:39","date_gmt":"2016-07-15T20:14:39","guid":{"rendered":"https:\/\/portal.sma.gob.cl\/index.php\/2016\/07\/15\/encuentro-regional-para-la-promocion-del-cumplimiento-ambiental-2016\/"},"modified":"2016-07-15T20:14:39","modified_gmt":"2016-07-15T20:14:39","slug":"encuentro-regional-para-la-promocion-del-cumplimiento-ambiental-2016","status":"publish","type":"post","link":"https:\/\/portal.sma.gob.cl\/index.php\/encuentro-regional-para-la-promocion-del-cumplimiento-ambiental-2016\/","title":{"rendered":"VALPARA\u00cdSO: Encuentro Regional para la Promoci\u00f3n del Cumplimiento Ambiental 2016"},"content":{"rendered":"<p style=\"text-align: justify;\"><img decoding=\"async\" class=\"size-auto size-full wp-image-16479\" src=\"https:\/\/portal.sma.gob.cl\/wp-content\/uploads\/2016\/07\/nota-taller.png\" alt=\"nota-taller\" width=\"761\" height=\"361\" srcset=\"https:\/\/portal.sma.gob.cl\/wp-content\/uploads\/2016\/07\/nota-taller-200x95.png 200w, https:\/\/portal.sma.gob.cl\/wp-content\/uploads\/2016\/07\/nota-taller-300x142.png 300w, https:\/\/portal.sma.gob.cl\/wp-content\/uploads\/2016\/07\/nota-taller-400x190.png 400w, https:\/\/portal.sma.gob.cl\/wp-content\/uploads\/2016\/07\/nota-taller-600x285.png 600w, https:\/\/portal.sma.gob.cl\/wp-content\/uploads\/2016\/07\/nota-taller.png 761w\" sizes=\"(max-width: 761px) 100vw, 761px\" \/><\/p>\n<p style=\"text-align: justify;\"><strong>El martes 16 de agosto se realizar\u00e1 el taller en el Auditorio de la ACHS en Vi\u00f1a del Mar.<\/strong><\/p>\n<p>  <!--more-->  <\/p>\n<p style=\"text-align: justify;\"><strong>Valpara\u00edso, 15 de julio de 2016.<\/strong> La Superintendencia del Medio Ambiente (SMA) informa que desarrollar\u00e1 en la regi\u00f3n de Valpara\u00edso, su Encuentro Regional para la Promoci\u00f3n del Cumplimiento Ambiental 2016. Este tiene como objetivo principal promover e incentivar el cumplimiento ambiental, as\u00ed como asistir a sus regulados para orientarlos en la comprensi\u00f3n de sus obligaciones ambientales.<\/p>\n<p>Dicha actividad se realizar\u00e1 el d\u00eda martes 16 de agosto de 2016, desde las 09:00 horas, en el Auditorio de la Asociaci\u00f3n Chilena de Seguridad (ACHS), ubicado en 7 Norte 550, piso 2, Vi\u00f1a del Mar.<\/p>\n<p style=\"text-align: justify;\">Cupos limitados. Favor confirmar su presencia al mail: <a href=\"mailto:eventos.centro@sma.gob.cl\">eventos.centro@sma.gob.cl<\/a><\/p>\n<p style=\"text-align: justify;\">Puede descargar el programa de los talleres aqu\u00ed:<\/p>\n<p style=\"text-align: justify;\"><a class=\"doclink\" href=\"index.php?option=com_docman&amp;task=doc_download&amp;gid=448&amp;Itemid=280\">Programa Taller<\/a><\/p>\n<p style=\"text-align: justify;\">&nbsp;<\/p>\n","protected":false},"excerpt":{"rendered":"<p>El martes 16 de agosto se realizar\u00e1 el taller en el Auditorio de la ACHS en Vi\u00f1a del Mar.<\/p>\n","protected":false},"author":3,"featured_media":16478,"comment_status":"open","ping_status":"open","sticky":false,"template":"","format":"standard","meta":{"footnotes":""},"categories":[94],"tags":[],"class_list":["post-16480","post","type-post","status-publish","format-standard","has-post-thumbnail","hentry","category-notas-noticias"],"_links":{"self":[{"href":"https:\/\/portal.sma.gob.cl\/index.php\/wp-json\/wp\/v2\/posts\/16480","targetHints":{"allow":["GET"]}}],"collection":[{"href":"https:\/\/portal.sma.gob.cl\/index.php\/wp-json\/wp\/v2\/posts"}],"about":[{"href":"https:\/\/portal.sma.gob.cl\/index.php\/wp-json\/wp\/v2\/types\/post"}],"author":[{"embeddable":true,"href":"https:\/\/portal.sma.gob.cl\/index.php\/wp-json\/wp\/v2\/users\/3"}],"replies":[{"embeddable":true,"href":"https:\/\/portal.sma.gob.cl\/index.php\/wp-json\/wp\/v2\/comments?post=16480"}],"version-history":[{"count":0,"href":"https:\/\/portal.sma.gob.cl\/index.php\/wp-json\/wp\/v2\/posts\/16480\/revisions"}],"wp:featuredmedia":[{"embeddable":true,"href":"https:\/\/portal.sma.gob.cl\/index.php\/wp-json\/wp\/v2\/media\/16478"}],"wp:attachment":[{"href":"https:\/\/portal.sma.gob.cl\/index.php\/wp-json\/wp\/v2\/media?parent=16480"}],"wp:term":[{"taxonomy":"category","embeddable":true,"href":"https:\/\/portal.sma.gob.cl\/index.php\/wp-json\/wp\/v2\/categories?post=16480"},{"taxonomy":"post_tag","embeddable":true,"href":"https:\/\/portal.sma.gob.cl\/index.php\/wp-json\/wp\/v2\/tags?post=16480"}],"curies":[{"name":"wp","href":"https:\/\/api.w.org\/{rel}","templated":true}]}}