{"id":16489,"date":"2016-08-10T20:01:02","date_gmt":"2016-08-10T20:01:02","guid":{"rendered":"https:\/\/portal.sma.gob.cl\/index.php\/2016\/08\/10\/antofagasta-amplia-convocatoria-de-representantes-de-empresas-reguladas-en-taller-de-promocion-al-cumplimiento-ambiental\/"},"modified":"2016-08-10T20:01:02","modified_gmt":"2016-08-10T20:01:02","slug":"antofagasta-amplia-convocatoria-de-representantes-de-empresas-reguladas-en-taller-de-promocion-al-cumplimiento-ambiental","status":"publish","type":"post","link":"https:\/\/portal.sma.gob.cl\/index.php\/antofagasta-amplia-convocatoria-de-representantes-de-empresas-reguladas-en-taller-de-promocion-al-cumplimiento-ambiental\/","title":{"rendered":"ANTOFAGASTA: Amplia convocatoria de representantes de empresas reguladas en taller de promoci\u00f3n al cumplimiento ambiental"},"content":{"rendered":"<p style=\"text-align: justify;\"><img decoding=\"async\" class=\"size-auto size-full wp-image-16488\" src=\"https:\/\/portal.sma.gob.cl\/wp-content\/uploads\/2016\/08\/nota_antofagasta2.jpg\" alt=\"nota antofagasta2\" width=\"760\" height=\"360\" srcset=\"https:\/\/portal.sma.gob.cl\/wp-content\/uploads\/2016\/08\/nota_antofagasta2-200x95.jpg 200w, https:\/\/portal.sma.gob.cl\/wp-content\/uploads\/2016\/08\/nota_antofagasta2-300x142.jpg 300w, https:\/\/portal.sma.gob.cl\/wp-content\/uploads\/2016\/08\/nota_antofagasta2-400x189.jpg 400w, https:\/\/portal.sma.gob.cl\/wp-content\/uploads\/2016\/08\/nota_antofagasta2-600x284.jpg 600w, https:\/\/portal.sma.gob.cl\/wp-content\/uploads\/2016\/08\/nota_antofagasta2.jpg 760w\" sizes=\"(max-width: 760px) 100vw, 760px\" \/><\/p>\n<p style=\"text-align: justify;\">&nbsp;<\/p>\n<p style=\"text-align: justify;\"><strong>M\u00e1s de 70 participantes convoc\u00f3 el \u201cPrimer Encuentro Regional para la Promoci\u00f3n del Cumplimiento Ambiental\u201d, realizado en la ciudad de Antofagasta.<\/strong><\/p>\n<p>  <!--more-->  <\/p>\n<p style=\"text-align: justify;\"><strong>Antofagasta, 04 de agosto de 2016.<\/strong> Un total de 73 asistentes tuvo el \u201cPrimer Encuentro Regional para la Promoci\u00f3n del Cumplimiento Ambiental\u201d, realizado en la ciudad de Antofagasta. La actividad, organizada por la SMA, se llev\u00f3 a cabo en el sal\u00f3n auditorio del Ministerio de Obras P\u00fablicas, reuni\u00f3 a representantes de las principales empresas del rubro minero, energ\u00e9tico e industrial de la regi\u00f3n.<\/p>\n<p style=\"text-align: justify;\">La promoci\u00f3n del cumplimiento ambiental forma parte importante del quehacer institucional de la SMA, pues esta instituci\u00f3n debe resguardar la eficacia en la aplicaci\u00f3n y cumplimiento de la normativa ambiental, debiendo promover las acciones que sean necesarias y adecuadas, para velar por el debido cumplimiento de las exigencias y normativas ambientales. En este sentido, asistir a sus regulados para orientarlos en la comprensi\u00f3n de sus obligaciones ambientales, es un desaf\u00edo permanente.<\/p>\n<p style=\"text-align: justify;\">\u201cHemos tenido una convocatoria que super\u00f3 nuestras expectativas. Claramente, las empresas est\u00e1n interesadas en conocer los procesos de fiscalizaci\u00f3n y los instrumentos de promoci\u00f3n del cumplimiento ambiental de competencia de la SMA. Como Superintendencia, seguiremos realizando talleres para incentivar y promover el cumplimiento ambiental, porque estas actividades son muy beneficiosas y se orientan a fortalecer las acciones preventivas, hay que buscar que las empresas cumplan con la regulaci\u00f3n ambiental m\u00e1s all\u00e1 de la fiscalizaci\u00f3n y sanci\u00f3n\u201d, dijo el Jefe de la Oficina Regional de la SMA en Antofagasta, Ricardo Ortiz.<\/p>\n<hr \/>\n<p style=\"text-align: justify;\">&nbsp;<\/p>\n<h3 style=\"text-align: justify;\">PRESENTACIONES DEL TALLER<\/h3>\n<p style=\"text-align: justify;\"><a class=\"doclink\" href=\"index.php?option=com_docman&amp;task=doc_download&amp;gid=461&amp;Itemid=280\"><img decoding=\"async\" class=\" size-full wp-image-15480\" src=\"https:\/\/portal.sma.gob.cl\/wp-content\/uploads\/2012\/07\/pdf.png\" alt=\"icon\" border=\"0\" width=\"16\" height=\"16\" \/>&nbsp;01. Formulaci\u00f3n de los programas y subprogramas de fiscalizaci\u00f3n ambiental<\/a><\/p>\n<p style=\"text-align: justify;\"><a class=\"doclink\" href=\"index.php?option=com_docman&amp;task=doc_download&amp;gid=462&amp;Itemid=280\"><img decoding=\"async\" class=\" size-full wp-image-15480\" src=\"https:\/\/portal.sma.gob.cl\/wp-content\/uploads\/2012\/07\/pdf.png\" alt=\"icon\" border=\"0\" width=\"16\" height=\"16\" \/>&nbsp;02. Fiscalizaci\u00f3n Ambiental Estrat\u00e9gica Dise\u00f1o de un sistema de fiscalizaci\u00f3n eficiente<\/a><\/p>\n<p style=\"text-align: justify;\"><a class=\"doclink\" href=\"index.php?option=com_docman&amp;task=doc_download&amp;gid=463&amp;Itemid=280\"><img decoding=\"async\" class=\" size-full wp-image-15480\" src=\"https:\/\/portal.sma.gob.cl\/wp-content\/uploads\/2012\/07\/pdf.png\" alt=\"icon\" border=\"0\" width=\"16\" height=\"16\" \/>&nbsp;03. Calidad del aire- Estaciones de monitoreo<\/a><\/p>\n<p style=\"text-align: justify;\"><a class=\"doclink\" href=\"index.php?option=com_docman&amp;task=doc_download&amp;gid=464&amp;Itemid=280\"><img decoding=\"async\" class=\" size-full wp-image-15480\" src=\"https:\/\/portal.sma.gob.cl\/wp-content\/uploads\/2012\/07\/pdf.png\" alt=\"icon\" border=\"0\" width=\"16\" height=\"16\" \/>&nbsp;04. Presentaci\u00f3n ETFA-Agosto 2016<\/a><\/p>\n<p style=\"text-align: justify;\"><a class=\"doclink\" href=\"index.php?option=com_docman&amp;task=doc_download&amp;gid=465&amp;Itemid=280\"><img decoding=\"async\" class=\" size-full wp-image-15480\" src=\"https:\/\/portal.sma.gob.cl\/wp-content\/uploads\/2012\/07\/pdf.png\" alt=\"icon\" border=\"0\" width=\"16\" height=\"16\" \/>&nbsp;05. Principales hallazgos en actividades de inspecci\u00f3n ambiental<\/a><\/p>\n<p style=\"text-align: justify;\"><a class=\"doclink\" href=\"index.php?option=com_docman&amp;task=doc_download&amp;gid=466&amp;Itemid=280\"><img decoding=\"async\" class=\" size-full wp-image-15480\" src=\"https:\/\/portal.sma.gob.cl\/wp-content\/uploads\/2012\/07\/pdf.png\" alt=\"icon\" border=\"0\" width=\"16\" height=\"16\" \/>&nbsp;06. Instrumentos de incentivo al cumplimiento de la SMA<\/a><\/p>\n","protected":false},"excerpt":{"rendered":"<p>&nbsp; M\u00e1s de 70 participantes convoc\u00f3 el \u201cPrimer Encuentro Regional para la Promoci\u00f3n del Cumplimiento Ambiental\u201d, realizado en la ciudad de Antofagasta.<\/p>\n","protected":false},"author":3,"featured_media":16488,"comment_status":"open","ping_status":"open","sticky":false,"template":"","format":"standard","meta":{"footnotes":""},"categories":[94],"tags":[],"class_list":["post-16489","post","type-post","status-publish","format-standard","has-post-thumbnail","hentry","category-notas-noticias"],"_links":{"self":[{"href":"https:\/\/portal.sma.gob.cl\/index.php\/wp-json\/wp\/v2\/posts\/16489","targetHints":{"allow":["GET"]}}],"collection":[{"href":"https:\/\/portal.sma.gob.cl\/index.php\/wp-json\/wp\/v2\/posts"}],"about":[{"href":"https:\/\/portal.sma.gob.cl\/index.php\/wp-json\/wp\/v2\/types\/post"}],"author":[{"embeddable":true,"href":"https:\/\/portal.sma.gob.cl\/index.php\/wp-json\/wp\/v2\/users\/3"}],"replies":[{"embeddable":true,"href":"https:\/\/portal.sma.gob.cl\/index.php\/wp-json\/wp\/v2\/comments?post=16489"}],"version-history":[{"count":0,"href":"https:\/\/portal.sma.gob.cl\/index.php\/wp-json\/wp\/v2\/posts\/16489\/revisions"}],"wp:featuredmedia":[{"embeddable":true,"href":"https:\/\/portal.sma.gob.cl\/index.php\/wp-json\/wp\/v2\/media\/16488"}],"wp:attachment":[{"href":"https:\/\/portal.sma.gob.cl\/index.php\/wp-json\/wp\/v2\/media?parent=16489"}],"wp:term":[{"taxonomy":"category","embeddable":true,"href":"https:\/\/portal.sma.gob.cl\/index.php\/wp-json\/wp\/v2\/categories?post=16489"},{"taxonomy":"post_tag","embeddable":true,"href":"https:\/\/portal.sma.gob.cl\/index.php\/wp-json\/wp\/v2\/tags?post=16489"}],"curies":[{"name":"wp","href":"https:\/\/api.w.org\/{rel}","templated":true}]}}