{"id":16501,"date":"2016-08-29T20:11:37","date_gmt":"2016-08-29T20:11:37","guid":{"rendered":"https:\/\/portal.sma.gob.cl\/index.php\/2016\/08\/29\/sma-participa-en-taller-ambiental-con-municipios-de-la-region-de-coquimbo\/"},"modified":"2016-08-29T20:11:37","modified_gmt":"2016-08-29T20:11:37","slug":"sma-participa-en-taller-ambiental-con-municipios-de-la-region-de-coquimbo","status":"publish","type":"post","link":"https:\/\/portal.sma.gob.cl\/index.php\/sma-participa-en-taller-ambiental-con-municipios-de-la-region-de-coquimbo\/","title":{"rendered":"SMA participa en taller ambiental con municipios de la Regi\u00f3n de Coquimbo"},"content":{"rendered":"<p style=\"text-align: justify;\"><strong><img decoding=\"async\" class=\"size-auto size-full wp-image-16500\" src=\"https:\/\/portal.sma.gob.cl\/wp-content\/uploads\/2016\/08\/NOTATALLERCOQUIMBO.jpg\" alt=\"NOTATALLERCOQUIMBO\" width=\"760\" height=\"360\" srcset=\"https:\/\/portal.sma.gob.cl\/wp-content\/uploads\/2016\/08\/NOTATALLERCOQUIMBO-200x95.jpg 200w, https:\/\/portal.sma.gob.cl\/wp-content\/uploads\/2016\/08\/NOTATALLERCOQUIMBO-300x142.jpg 300w, https:\/\/portal.sma.gob.cl\/wp-content\/uploads\/2016\/08\/NOTATALLERCOQUIMBO-400x189.jpg 400w, https:\/\/portal.sma.gob.cl\/wp-content\/uploads\/2016\/08\/NOTATALLERCOQUIMBO-600x284.jpg 600w, https:\/\/portal.sma.gob.cl\/wp-content\/uploads\/2016\/08\/NOTATALLERCOQUIMBO.jpg 760w\" sizes=\"(max-width: 760px) 100vw, 760px\" \/><\/strong><\/p>\n<p style=\"text-align: justify;\"><strong>La actividad, desarrollada por el Servicio de Evaluaci\u00f3n Ambiental (SEA), busc\u00f3 fortalecer el proceso de evaluaci\u00f3n entre los encargados municipales de evaluaci\u00f3n y fiscalizaci\u00f3n ambiental.<\/strong><\/p>\n<p>  <!--more-->  <\/p>\n<p style=\"text-align: justify;\"><strong>Coquimbo, 25 de agosto.<\/strong> Con el fin de promover un mejoramiento continuo en la coordinaci\u00f3n con los \u00d3rganos de la Administraci\u00f3n del Estado con Competencia (OAECA), el Servicio de Evaluaci\u00f3n Ambiental (SEA) de la Regi\u00f3n de Coquimbo, efectu\u00f3 su cuarto Taller de Capacitaci\u00f3n del presente a\u00f1o sobre el Sistema de Evaluaci\u00f3n de Impacto Ambiental (SEIA). En esta ocasi\u00f3n, la actividad se dirigi\u00f3 a profesionales y t\u00e9cnicos de las oficinas y unidades municipales de obras, planificaci\u00f3n comunal y medio ambiente que participan de la evaluaci\u00f3n de proyectos de inversi\u00f3n en el marco del SEIA.<\/p>\n<p style=\"text-align: justify;\">Las presentaciones fueron realizadas por los profesionales del SEA, Geraldine Schlotterbeck, Eduardo Rom\u00e1n y Oscar Robledo en tres m\u00f3dulos respectivamente que abarcaron los siguientes temas: Rol de los OAECA en la evaluaci\u00f3n ambiental; Conceptos, definiciones y criterios que deben considerar en la evaluaci\u00f3n ambiental; y los OAECA en los procesos de Participaci\u00f3n Ciudadana y Consulta a Pueblos Ind\u00edgenas.<\/p>\n<p style=\"text-align: justify;\">A esta instancia, tambi\u00e9n fue invitada la Superintendencia del Medio Ambiente (SMA) para exponer el rol y funciones que tiene la SMA. Las profesionales de la Divisi\u00f3n de Fiscalizaci\u00f3n, Andrea Masuero y P\u00eda Valenzuela, detallaron el trabajo efectuado en la regi\u00f3n de Coquimbo, Entre los temas abordados, estuvo la organizaci\u00f3n, rol y competencias de la Superintendencia, los procedimientos que se desarrollan a trav\u00e9s de la Red Nacional de Fiscalizaci\u00f3n Ambiental (RENFA), los procedimientos de denuncias ambientales, el rol de los municipios en la fiscalizaci\u00f3n ambiental. Tambi\u00e9n se abord\u00f3 la posibilidad de la SMA de celebrar convenios de colaboraci\u00f3n en acciones de fiscalizaci\u00f3n con los Municipios.<\/p>\n<p style=\"text-align: justify;\">El taller cont\u00f3 con la participaci\u00f3n de 20 funcionarios municipales provenientes de las comunas de La Higuera, La Serena, Coquimbo, Vicu\u00f1a, Combarbal\u00e1, R\u00edo Hurtado, Punitaqui, Salamanca y Los Vilos.<\/p>\n","protected":false},"excerpt":{"rendered":"<p>La actividad, desarrollada por el Servicio de Evaluaci\u00f3n Ambiental (SEA), busc\u00f3 fortalecer el proceso de evaluaci\u00f3n entre los encargados municipales de evaluaci\u00f3n y fiscalizaci\u00f3n ambiental.<\/p>\n","protected":false},"author":3,"featured_media":16500,"comment_status":"open","ping_status":"open","sticky":false,"template":"","format":"standard","meta":{"footnotes":""},"categories":[94],"tags":[],"class_list":["post-16501","post","type-post","status-publish","format-standard","has-post-thumbnail","hentry","category-notas-noticias"],"_links":{"self":[{"href":"https:\/\/portal.sma.gob.cl\/index.php\/wp-json\/wp\/v2\/posts\/16501","targetHints":{"allow":["GET"]}}],"collection":[{"href":"https:\/\/portal.sma.gob.cl\/index.php\/wp-json\/wp\/v2\/posts"}],"about":[{"href":"https:\/\/portal.sma.gob.cl\/index.php\/wp-json\/wp\/v2\/types\/post"}],"author":[{"embeddable":true,"href":"https:\/\/portal.sma.gob.cl\/index.php\/wp-json\/wp\/v2\/users\/3"}],"replies":[{"embeddable":true,"href":"https:\/\/portal.sma.gob.cl\/index.php\/wp-json\/wp\/v2\/comments?post=16501"}],"version-history":[{"count":0,"href":"https:\/\/portal.sma.gob.cl\/index.php\/wp-json\/wp\/v2\/posts\/16501\/revisions"}],"wp:featuredmedia":[{"embeddable":true,"href":"https:\/\/portal.sma.gob.cl\/index.php\/wp-json\/wp\/v2\/media\/16500"}],"wp:attachment":[{"href":"https:\/\/portal.sma.gob.cl\/index.php\/wp-json\/wp\/v2\/media?parent=16501"}],"wp:term":[{"taxonomy":"category","embeddable":true,"href":"https:\/\/portal.sma.gob.cl\/index.php\/wp-json\/wp\/v2\/categories?post=16501"},{"taxonomy":"post_tag","embeddable":true,"href":"https:\/\/portal.sma.gob.cl\/index.php\/wp-json\/wp\/v2\/tags?post=16501"}],"curies":[{"name":"wp","href":"https:\/\/api.w.org\/{rel}","templated":true}]}}