{"id":16503,"date":"2016-09-01T14:09:23","date_gmt":"2016-09-01T14:09:23","guid":{"rendered":"https:\/\/portal.sma.gob.cl\/index.php\/2016\/09\/01\/sma-realiza-taller-regional-a-empresas-que-deben-cumplir-con-la-normativa-ambiental-en-concepcion\/"},"modified":"2016-09-01T14:09:23","modified_gmt":"2016-09-01T14:09:23","slug":"sma-realiza-taller-regional-a-empresas-que-deben-cumplir-con-la-normativa-ambiental-en-concepcion","status":"publish","type":"post","link":"https:\/\/portal.sma.gob.cl\/index.php\/sma-realiza-taller-regional-a-empresas-que-deben-cumplir-con-la-normativa-ambiental-en-concepcion\/","title":{"rendered":"SMA realiza taller Regional a empresas que deben cumplir con la normativa ambiental en Concepci\u00f3n"},"content":{"rendered":"<p><img decoding=\"async\" class=\"size-auto size-full wp-image-16502\" src=\"https:\/\/portal.sma.gob.cl\/wp-content\/uploads\/2016\/09\/nota_tallerconce.jpg\" alt=\"nota tallerconce\" width=\"760\" height=\"360\" srcset=\"https:\/\/portal.sma.gob.cl\/wp-content\/uploads\/2016\/09\/nota_tallerconce-200x95.jpg 200w, https:\/\/portal.sma.gob.cl\/wp-content\/uploads\/2016\/09\/nota_tallerconce-300x142.jpg 300w, https:\/\/portal.sma.gob.cl\/wp-content\/uploads\/2016\/09\/nota_tallerconce-400x189.jpg 400w, https:\/\/portal.sma.gob.cl\/wp-content\/uploads\/2016\/09\/nota_tallerconce-600x284.jpg 600w, https:\/\/portal.sma.gob.cl\/wp-content\/uploads\/2016\/09\/nota_tallerconce.jpg 760w\" sizes=\"(max-width: 760px) 100vw, 760px\" \/><\/p>\n<p style=\"text-align: justify;\"><strong>La Oficina Regional del Biob\u00edo realiz\u00f3 un seminario sobre \u201cPromoci\u00f3n del Cumplimiento Ambiental y de Entidades T\u00e9cnicas de fiscalizaci\u00f3n Ambiental\u201d.<\/strong><\/p>\n<p>  <!--more-->  <\/p>\n<p style=\"text-align: justify;\"><strong>Concepci\u00f3n, 25 de agosto.<\/strong> La Oficina Regional Biob\u00edo de la Superintendencia del Medio Ambiente (SMA), realiz\u00f3 un taller de \u201cPromoci\u00f3n del Cumplimiento Ambiental y de Entidades T\u00e9cnicas de Fiscalizaci\u00f3n Ambiental\u201d dirigido a empresas que cuentan con Resoluci\u00f3n de Calificaci\u00f3n Ambiental (RCA) o afectas a alguna norma ambiental. La actividad cont\u00f3 con alrededor de 100 representantes de compa\u00f1\u00edas de diferentes \u00e1reas econ\u00f3micas de dicha zona.<\/p>\n<p style=\"text-align: justify;\">La realizaci\u00f3n de esta jornada regional se realiz\u00f3 en el marco de las atribuciones inherentes a la misi\u00f3n institucional de la SMA, que es promover e incentivar el cumplimiento ambiental en las empresas. El taller comenz\u00f3 con una exposici\u00f3n de la Jefa de la Oficina Regional de la SMA, Emelina Zamorano, quien present\u00f3 la estad\u00edstica Regional del a\u00f1o 2016 respecto de las fiscalizaciones realizadas de acuerdo a tipolog\u00eda de la actividad. Tambi\u00e9n analiz\u00f3 las denuncias, de las cuales el 43% se relacionan con ruidos molestos. Respecto de los procedimientos sancionatorios desarrollados en la regi\u00f3n, Zamorano explic\u00f3 que hay 13 titulares de proyectos sancionados que optaron por programa de cumplimiento, iniciativa que forma parte de la Ley Org\u00e1nica de la SMA y que busca que los infractores vuelvan al ponerse al d\u00eda con sus obligaciones ambientales.<\/p>\n<p style=\"text-align: justify;\">Una segunda exposici\u00f3n estuvo a cargo de Juan Pablo Granzow, profesional de la SMA de la regi\u00f3n, qui\u00e9n expuso los aspectos de la fiscalizaci\u00f3n y los hallazgos m\u00e1s reiterativos encontrados en las actividades en terreno. A continuaci\u00f3n Sigrid Scheel, abogada del organismo, expuso aspectos legales de la Divisi\u00f3n de Sanci\u00f3n y Cumplimiento, tales como determinaci\u00f3n de sanciones ambientales, sus alcances metodol\u00f3gicos y el estudio de casos. Tambi\u00e9n explic\u00f3 instrumentos como programas de cumplimiento, autodenuncia y planes de reparaci\u00f3n, todos contemplados en la Ley de la SMA.<br \/>En la jornada tambi\u00e9n se expusieron alcances respecto del Reglamento D.S.38\/2013 MMA, de las Entidades T\u00e9cnicas de Fiscalizaci\u00f3n Ambiental (ETFA). Esta actividad estuvo a cargo de Camilo Montes, profesional de la Unidad T\u00e9cnica de Normalizaci\u00f3n y Acreditaci\u00f3n y Dusanka Inostroza Abogada de Fiscal\u00eda. En sus exposiciones explicaron las l\u00edneas de acci\u00f3n que deben cumplir las nuevas ETFA, puesto que desde el 1 de octubre, ser\u00e1 obligatorio para los titulares contratar una ETFA certificada para ejecutar las actividades que sean parte de los alcances incluidos en el registro de la SMA de estas entidades.<\/p>\n<p style=\"text-align: justify;\">\u201cQuisiera agradecer a todos los participantes de este taller, que tuvo una alt\u00edsima convocatoria, lo que nos indica que existe un gran inter\u00e9s de los titulares de proyectos en conocer las distintas competencias, instrumentos de incentivo al cumplimiento de la SMA, como tambi\u00e9n de aquellas disposiciones legales que debemos ir implementando como es la exigencia de las Entidades T\u00e9cnicas de fiscalizaci\u00f3n Ambiental\u201d, afirm\u00f3 Emelina Zamorano al t\u00e9rmino del evento.<\/p>\n<p style=\"text-align: justify;\">DESCARGAR PRESENTACIONES DEL TALLER<\/p>\n<p style=\"text-align: justify;\"><a class=\"doclink\" href=\"index.php?option=com_docman&amp;task=doc_download&amp;gid=481&amp;Itemid=280\"><img decoding=\"async\" class=\" size-full wp-image-15480\" src=\"https:\/\/portal.sma.gob.cl\/wp-content\/uploads\/2012\/07\/pdf.png\" alt=\"icon\" border=\"0\" width=\"16\" height=\"16\" \/>&nbsp;01. Taller Biob\u00edo-Principales hallazgos en actividades de Inspecci\u00f3n Ambiental<\/a><\/p>\n<p style=\"text-align: justify;\"><a class=\"doclink\" href=\"index.php?option=com_docman&amp;task=doc_download&amp;gid=482&amp;Itemid=280\"><img decoding=\"async\" class=\" size-full wp-image-15480\" src=\"https:\/\/portal.sma.gob.cl\/wp-content\/uploads\/2012\/07\/pdf.png\" alt=\"icon\" border=\"0\" width=\"16\" height=\"16\" \/>&nbsp;02. Taller Biob\u00edo-Divisi\u00f3n de Sanci\u00f3n y Cumplimiento<\/a><\/p>\n<p style=\"text-align: justify;\"><a class=\"doclink\" href=\"index.php?option=com_docman&amp;task=doc_download&amp;gid=483&amp;Itemid=280\"><img decoding=\"async\" class=\" size-full wp-image-15480\" src=\"https:\/\/portal.sma.gob.cl\/wp-content\/uploads\/2012\/07\/pdf.png\" alt=\"icon\" border=\"0\" width=\"16\" height=\"16\" \/>&nbsp;03. Taller Biob\u00edo- ETFA Titulares<\/a><\/p>\n<p style=\"text-align: justify;\">&nbsp;<\/p>\n","protected":false},"excerpt":{"rendered":"<p>La Oficina Regional del Biob\u00edo realiz\u00f3 un seminario sobre \u201cPromoci\u00f3n del Cumplimiento Ambiental y de Entidades T\u00e9cnicas de fiscalizaci\u00f3n Ambiental\u201d.<\/p>\n","protected":false},"author":3,"featured_media":16502,"comment_status":"open","ping_status":"open","sticky":false,"template":"","format":"standard","meta":{"footnotes":""},"categories":[94],"tags":[],"class_list":["post-16503","post","type-post","status-publish","format-standard","has-post-thumbnail","hentry","category-notas-noticias"],"_links":{"self":[{"href":"https:\/\/portal.sma.gob.cl\/index.php\/wp-json\/wp\/v2\/posts\/16503","targetHints":{"allow":["GET"]}}],"collection":[{"href":"https:\/\/portal.sma.gob.cl\/index.php\/wp-json\/wp\/v2\/posts"}],"about":[{"href":"https:\/\/portal.sma.gob.cl\/index.php\/wp-json\/wp\/v2\/types\/post"}],"author":[{"embeddable":true,"href":"https:\/\/portal.sma.gob.cl\/index.php\/wp-json\/wp\/v2\/users\/3"}],"replies":[{"embeddable":true,"href":"https:\/\/portal.sma.gob.cl\/index.php\/wp-json\/wp\/v2\/comments?post=16503"}],"version-history":[{"count":0,"href":"https:\/\/portal.sma.gob.cl\/index.php\/wp-json\/wp\/v2\/posts\/16503\/revisions"}],"wp:featuredmedia":[{"embeddable":true,"href":"https:\/\/portal.sma.gob.cl\/index.php\/wp-json\/wp\/v2\/media\/16502"}],"wp:attachment":[{"href":"https:\/\/portal.sma.gob.cl\/index.php\/wp-json\/wp\/v2\/media?parent=16503"}],"wp:term":[{"taxonomy":"category","embeddable":true,"href":"https:\/\/portal.sma.gob.cl\/index.php\/wp-json\/wp\/v2\/categories?post=16503"},{"taxonomy":"post_tag","embeddable":true,"href":"https:\/\/portal.sma.gob.cl\/index.php\/wp-json\/wp\/v2\/tags?post=16503"}],"curies":[{"name":"wp","href":"https:\/\/api.w.org\/{rel}","templated":true}]}}