{"id":16505,"date":"2016-09-01T19:21:45","date_gmt":"2016-09-01T19:21:45","guid":{"rendered":"https:\/\/portal.sma.gob.cl\/index.php\/2016\/09\/01\/se-realiza-la-sesion-n-19-del-consejo-de-la-sociedad-civil-de-la-sma\/"},"modified":"2016-09-01T19:21:45","modified_gmt":"2016-09-01T19:21:45","slug":"se-realiza-la-sesion-n-19-del-consejo-de-la-sociedad-civil-de-la-sma","status":"publish","type":"post","link":"https:\/\/portal.sma.gob.cl\/index.php\/se-realiza-la-sesion-n-19-del-consejo-de-la-sociedad-civil-de-la-sma\/","title":{"rendered":"Se realiza la sesi\u00f3n N\u00b0 19 del Consejo de la Sociedad Civil de la SMA"},"content":{"rendered":"<p><strong><img decoding=\"async\" class=\"size-auto size-full wp-image-16504\" src=\"https:\/\/portal.sma.gob.cl\/wp-content\/uploads\/2016\/09\/consejoNOTA.jpg\" alt=\"consejoNOTA\" width=\"760\" height=\"360\" srcset=\"https:\/\/portal.sma.gob.cl\/wp-content\/uploads\/2016\/09\/consejoNOTA-200x95.jpg 200w, https:\/\/portal.sma.gob.cl\/wp-content\/uploads\/2016\/09\/consejoNOTA-300x142.jpg 300w, https:\/\/portal.sma.gob.cl\/wp-content\/uploads\/2016\/09\/consejoNOTA-400x189.jpg 400w, https:\/\/portal.sma.gob.cl\/wp-content\/uploads\/2016\/09\/consejoNOTA-600x284.jpg 600w, https:\/\/portal.sma.gob.cl\/wp-content\/uploads\/2016\/09\/consejoNOTA.jpg 760w\" sizes=\"(max-width: 760px) 100vw, 760px\" \/><\/strong><\/p>\n<p><strong>En la oportunidad, representantes del mundo acad\u00e9mico, centros de estudios y ONG, conocieron el modelo sancionatorio de la SMA, especialmente la herramienta de los Programas de Cumplimiento.<\/strong><\/p>\n<p>  <!--more-->  <\/p>\n<p style=\"text-align: justify;\"><strong>Santiago, 31 de agosto de 2016<\/strong>. Esta ma\u00f1ana se realiz\u00f3 la sesi\u00f3n N\u00b0 19 del Consejo de la Sociedad Civil de la Superintendencia del Medio Ambiente (SMA), instancia que se enmarca en el contexto de la Ley 20.500, Sobre Asociaciones y Participaci\u00f3n Ciudadana en la Gesti\u00f3n P\u00fablica.<\/p>\n<p style=\"text-align: justify;\">En esta oportunidad, la jefa de la Divisi\u00f3n de Sanci\u00f3n y Cumplimiento de la SMA, Marie Claude Plumer, realiz\u00f3 una presentaci\u00f3n a los integrantes de la instancia, respecto del modelo sancionatorio de la SMA. Especialmente, se realiz\u00f3 una extensa presentaci\u00f3n de la herramienta \u201cProgramas de Cumplimiento\u201d (PdC), opci\u00f3n por la que pueden optar los titulares que son objeto de un procedimiento sancionatorio por parte de la Superintendencia.<\/p>\n<p style=\"text-align: justify;\">Plumer explic\u00f3 los plazos de presentaci\u00f3n de los programas, cu\u00e1ndo no procede presentar uno, las condiciones generales para la aprobaci\u00f3n de la ejecuci\u00f3n de estos, entre los que se encuentran la integridad, eficacia, verificabilidad de las medidas presentadas a la SMA. En cuanto a cifras, explic\u00f3 que en el a\u00f1o 2015 se tramitaron 70 PdC, de los cuales se aprobaron en 90%. Estos programas incluyeron acciones y metas que contemplaban inversiones cercanas a los US$ 25 millones.<\/p>\n<p style=\"text-align: justify;\">El Superintendente del Medio Ambiente, Cristi\u00e1n Franz, expres\u00f3 que la SMA ha fomentado esta herramienta porque su adecuada implementaci\u00f3n permite solucionar los problemas de fondo que causan problemas ambientales y sociales, mientras que la aplicaci\u00f3n de sanciones no necesariamente conlleva mejoras ambientales inmediatas, sino que el pago al Fisco de un monto de dinero que va a recursos generales de la naci\u00f3n.<\/p>\n<p style=\"text-align: justify;\">En la sesi\u00f3n de hoy, participaron ocho miembros del Consejo: Sergio Montenegro (Centro de Derecho Ambiental de la U. de Chile); Keyla Majluf (Asipec AG); Ricardo Figueroa (Facultad de Ciencias Ambientales de la U. de Concepci\u00f3n); Alejandra \u00c1vila (Colegio de Ge\u00f3logos); Jaime Esp\u00ednola (Asociaci\u00f3n de Generadoras); Felipe Leiva (UDD) y Ezio Costa (ONG FIMA), presidente de la instancia para el per\u00edodo 2016-2018.<\/p>\n<p style=\"text-align: justify;\">Cabe destacar que dicho Consejo tiene un car\u00e1cter consultivo, representativo, plural y diverso. Tambi\u00e9n participa en los procesos de consulta de los planes, programas o pol\u00edticas en materia de seguimiento y fiscalizaci\u00f3n ambiental que la instituci\u00f3n estime pertinente. La instancia est\u00e1 integrada por 10 representantes de gremios, ONG, universidades y centros de estudio.<\/p>\n<p>&nbsp;<\/p>\n","protected":false},"excerpt":{"rendered":"<p>En la oportunidad, representantes del mundo acad\u00e9mico, centros de estudios y ONG, conocieron el modelo sancionatorio de la SMA, especialmente la herramienta de los Programas de Cumplimiento.<\/p>\n","protected":false},"author":3,"featured_media":16504,"comment_status":"open","ping_status":"open","sticky":false,"template":"","format":"standard","meta":{"footnotes":""},"categories":[94],"tags":[],"class_list":["post-16505","post","type-post","status-publish","format-standard","has-post-thumbnail","hentry","category-notas-noticias"],"_links":{"self":[{"href":"https:\/\/portal.sma.gob.cl\/index.php\/wp-json\/wp\/v2\/posts\/16505","targetHints":{"allow":["GET"]}}],"collection":[{"href":"https:\/\/portal.sma.gob.cl\/index.php\/wp-json\/wp\/v2\/posts"}],"about":[{"href":"https:\/\/portal.sma.gob.cl\/index.php\/wp-json\/wp\/v2\/types\/post"}],"author":[{"embeddable":true,"href":"https:\/\/portal.sma.gob.cl\/index.php\/wp-json\/wp\/v2\/users\/3"}],"replies":[{"embeddable":true,"href":"https:\/\/portal.sma.gob.cl\/index.php\/wp-json\/wp\/v2\/comments?post=16505"}],"version-history":[{"count":0,"href":"https:\/\/portal.sma.gob.cl\/index.php\/wp-json\/wp\/v2\/posts\/16505\/revisions"}],"wp:featuredmedia":[{"embeddable":true,"href":"https:\/\/portal.sma.gob.cl\/index.php\/wp-json\/wp\/v2\/media\/16504"}],"wp:attachment":[{"href":"https:\/\/portal.sma.gob.cl\/index.php\/wp-json\/wp\/v2\/media?parent=16505"}],"wp:term":[{"taxonomy":"category","embeddable":true,"href":"https:\/\/portal.sma.gob.cl\/index.php\/wp-json\/wp\/v2\/categories?post=16505"},{"taxonomy":"post_tag","embeddable":true,"href":"https:\/\/portal.sma.gob.cl\/index.php\/wp-json\/wp\/v2\/tags?post=16505"}],"curies":[{"name":"wp","href":"https:\/\/api.w.org\/{rel}","templated":true}]}}