{"id":16507,"date":"2016-09-01T19:45:24","date_gmt":"2016-09-01T19:45:24","guid":{"rendered":"https:\/\/portal.sma.gob.cl\/index.php\/2016\/09\/01\/sma-participa-en-ciclo-de-talleres-implementacion-de-impuestos-verdes\/"},"modified":"2016-09-01T19:45:24","modified_gmt":"2016-09-01T19:45:24","slug":"sma-participa-en-ciclo-de-talleres-implementacion-de-impuestos-verdes","status":"publish","type":"post","link":"https:\/\/portal.sma.gob.cl\/index.php\/sma-participa-en-ciclo-de-talleres-implementacion-de-impuestos-verdes\/","title":{"rendered":"SMA participa en Ciclo de Talleres \u201cImplementaci\u00f3n de Impuestos Verdes\u201d"},"content":{"rendered":"<p><strong><img decoding=\"async\" class=\"size-auto size-full wp-image-16506\" src=\"https:\/\/portal.sma.gob.cl\/wp-content\/uploads\/2016\/09\/nota_impuestos.png\" alt=\"nota impuestos\" width=\"760\" height=\"360\" \/><\/strong><\/p>\n<p><strong>Las actividades se realizar\u00e1n en seis regiones del pa\u00eds y se dirigen a titulares de establecimientos industriales potencialmente afectos al nuevo gravamen. <\/strong><\/p>\n<p>  <!--more-->  <\/p>\n<p><strong>Santiago, 1 de septiembre de 2016.<\/strong> En el marco del proceso de implementaci\u00f3n de los impuestos verdes asociados a las emisiones atmosf\u00e9ricas de fuentes fijas, se ha programado, en conjunto con el Ministerio del Medio Ambiente, la realizaci\u00f3n de un ciclo de talleres orientado a titulares de establecimientos industriales potencialmente afectos al impuesto.<\/p>\n<p>En los talleres se presentar\u00e1 el sistema de registro de establecimientos afectos a trav\u00e9s de la Ventanilla \u00danica del RETC y los protocolos para la cuantificaci\u00f3n de las emisiones que los titulares deber\u00e1n implementar. Las fechas y lugares son las siguientes:<\/p>\n<table style=\"border-collapse: collapse; border: none;\" border=\"1\" cellspacing=\"0\" cellpadding=\"0\">\n<tbody>\n<tr>\n<td style=\"width: 21.85pt; border: 1pt solid windowtext; padding: 0cm 5.4pt; background: #d9d9d9;\" valign=\"top\" width=\"29\">\n<p style=\"margin-bottom: 0.0001pt; text-align: center;\" align=\"center\"><strong><span style=\"font-size: 10pt;\">N\u00b0<\/span><\/strong><\/p>\n<\/td>\n<td style=\"width: 91.3pt; border-top: 1pt solid windowtext; border-right: 1pt solid windowtext; border-bottom: 1pt solid windowtext; border-left: none; padding: 0cm 5.4pt; background: #d9d9d9;\" valign=\"top\" width=\"122\">\n<p style=\"margin-bottom: 0.0001pt; text-align: center;\" align=\"center\"><strong><span style=\"font-size: 10pt;\">Fecha<\/span><\/strong><\/p>\n<\/td>\n<td style=\"width: 92.15pt; border-top: 1pt solid windowtext; border-right: 1pt solid windowtext; border-bottom: 1pt solid windowtext; border-left: none; padding: 0cm 5.4pt; background: #d9d9d9;\" valign=\"top\" width=\"123\">\n<p style=\"margin-bottom: 0.0001pt; text-align: center;\" align=\"center\"><strong><span style=\"font-size: 10pt;\">Regi\u00f3n\/Ciudad<\/span><\/strong><\/p>\n<\/td>\n<td style=\"width: 136.5pt; border-top: 1pt solid windowtext; border-right: 1pt solid windowtext; border-bottom: 1pt solid windowtext; border-left: none; padding: 0cm 5.4pt; background: #d9d9d9;\" valign=\"top\" width=\"182\">\n<p style=\"margin-bottom: 0.0001pt; text-align: center;\" align=\"center\"><strong><span style=\"font-size: 10pt;\">Hotel\/Sal\u00f3n<\/span><\/strong><\/p>\n<\/td>\n<td style=\"width: 99.6pt; border-top: 1pt solid windowtext; border-right: 1pt solid windowtext; border-bottom: 1pt solid windowtext; border-left: none; padding: 0cm 5.4pt; background: #d9d9d9;\" valign=\"top\" width=\"133\">\n<p style=\"margin-bottom: 0.0001pt; text-align: center;\" align=\"center\"><strong><span style=\"font-size: 10pt;\">Direcci\u00f3n<\/span><\/strong><\/p>\n<\/td>\n<\/tr>\n<tr>\n<td style=\"width: 21.85pt; border-right: 1pt solid windowtext; border-bottom: 1pt solid windowtext; border-left: 1pt solid windowtext; border-top: none; padding: 0cm 5.4pt;\" width=\"29\">\n<p style=\"margin-bottom: 0.0001pt;\"><span style=\"font-size: 10pt;\">1<\/span><\/p>\n<\/td>\n<td style=\"width: 91.3pt; border-top: none; border-left: none; border-bottom: 1pt solid windowtext; border-right: 1pt solid windowtext; padding: 0cm 5.4pt;\" width=\"122\">\n<p style=\"margin-bottom: 0.0001pt;\"><span style=\"font-size: 10pt;\">23 de agosto<\/span><\/p>\n<\/td>\n<td style=\"width: 92.15pt; border-top: none; border-left: none; border-bottom: 1pt solid windowtext; border-right: 1pt solid windowtext; padding: 0cm 5.4pt;\" width=\"123\">\n<p style=\"margin-bottom: 0.0001pt;\"><span style=\"font-size: 10pt;\">Metropolitana, Santiago<\/span><\/p>\n<\/td>\n<td style=\"width: 136.5pt; border-top: none; border-left: none; border-bottom: 1pt solid windowtext; border-right: 1pt solid windowtext; padding: 0cm 5.4pt;\" width=\"182\">\n<p style=\"margin-bottom: 0.0001pt;\"><span style=\"font-size: 10pt;\">Hotel Torremayor, Sal\u00f3n Tarragona<\/span><\/p>\n<\/td>\n<td style=\"width: 99.6pt; border-top: none; border-left: none; border-bottom: 1pt solid windowtext; border-right: 1pt solid windowtext; padding: 0cm 5.4pt;\" width=\"133\">\n<p style=\"margin-bottom: 0.0001pt;\"><span style=\"font-size: 10pt;\">Av. Ricardo Lyon # 322 Providencia<\/span><\/p>\n<\/td>\n<\/tr>\n<tr>\n<td style=\"width: 21.85pt; border-right: 1pt solid windowtext; border-bottom: 1pt solid windowtext; border-left: 1pt solid windowtext; border-top: none; padding: 0cm 5.4pt;\" width=\"29\">\n<p style=\"margin-bottom: 0.0001pt;\"><span style=\"font-size: 10pt;\">2<\/span><\/p>\n<\/td>\n<td style=\"width: 91.3pt; border-top: none; border-left: none; border-bottom: 1pt solid windowtext; border-right: 1pt solid windowtext; padding: 0cm 5.4pt;\" width=\"122\">\n<p style=\"margin-bottom: 0.0001pt;\"><span style=\"font-size: 10pt;\">25 de agosto<\/span><\/p>\n<\/td>\n<td style=\"width: 92.15pt; border-top: none; border-left: none; border-bottom: 1pt solid windowtext; border-right: 1pt solid windowtext; padding: 0cm 5.4pt;\" width=\"123\">\n<p style=\"margin-bottom: 0.0001pt;\"><span style=\"font-size: 10pt;\">Antofagasta, Antofagasta<\/span><\/p>\n<\/td>\n<td style=\"width: 136.5pt; border-top: none; border-left: none; border-bottom: 1pt solid windowtext; border-right: 1pt solid windowtext; padding: 0cm 5.4pt;\" width=\"182\">\n<p style=\"margin-bottom: 0.0001pt;\"><span style=\"font-size: 10pt;\">Hotel Antofagasta, Sal\u00f3n Antofagasta<\/span><\/p>\n<\/td>\n<td style=\"width: 99.6pt; border-top: none; border-left: none; border-bottom: 1pt solid windowtext; border-right: 1pt solid windowtext; padding: 0cm 5.4pt;\" width=\"133\">\n<p style=\"margin-bottom: 0.0001pt;\"><span style=\"font-size: 10pt;\">Balmaceda # 2575<\/span><\/p>\n<\/td>\n<\/tr>\n<tr>\n<td style=\"width: 21.85pt; border-right: 1pt solid windowtext; border-bottom: 1pt solid windowtext; border-left: 1pt solid windowtext; border-top: none; padding: 0cm 5.4pt;\" width=\"29\">\n<p style=\"margin-bottom: 0.0001pt;\"><span style=\"font-size: 10pt;\">3<\/span><\/p>\n<\/td>\n<td style=\"width: 91.3pt; border-top: none; border-left: none; border-bottom: 1pt solid windowtext; border-right: 1pt solid windowtext; padding: 0cm 5.4pt;\" width=\"122\">\n<p style=\"margin-bottom: 0.0001pt;\"><span style=\"font-size: 10pt;\">02 de septiembre<\/span><\/p>\n<\/td>\n<td style=\"width: 92.15pt; border-top: none; border-left: none; border-bottom: 1pt solid windowtext; border-right: 1pt solid windowtext; padding: 0cm 5.4pt;\" width=\"123\">\n<p style=\"margin-bottom: 0.0001pt;\"><span style=\"font-size: 10pt;\">Coquimbo, La Serena<\/span><\/p>\n<\/td>\n<td style=\"width: 136.5pt; border-top: none; border-left: none; border-bottom: 1pt solid windowtext; border-right: 1pt solid windowtext; padding: 0cm 5.4pt;\" width=\"182\">\n<p style=\"margin-bottom: 0.0001pt;\"><span style=\"font-size: 10pt;\">Hotel Francisco de Aguirre, Sal\u00f3n El Molle<\/span><\/p>\n<\/td>\n<td style=\"width: 99.6pt; border-top: none; border-left: none; border-bottom: 1pt solid windowtext; border-right: 1pt solid windowtext; padding: 0cm 5.4pt;\" width=\"133\">\n<p style=\"margin-bottom: 0.0001pt;\"><span style=\"font-size: 10pt;\">Cordovez # 210<\/span><\/p>\n<\/td>\n<\/tr>\n<tr>\n<td style=\"width: 21.85pt; border-right: 1pt solid windowtext; border-bottom: 1pt solid windowtext; border-left: 1pt solid windowtext; border-top: none; padding: 0cm 5.4pt;\" width=\"29\">\n<p style=\"margin-bottom: 0.0001pt;\"><span style=\"font-size: 10pt;\">4<\/span><\/p>\n<\/td>\n<td style=\"width: 91.3pt; border-top: none; border-left: none; border-bottom: 1pt solid windowtext; border-right: 1pt solid windowtext; padding: 0cm 5.4pt;\" width=\"122\">\n<p style=\"margin-bottom: 0.0001pt;\"><span style=\"font-size: 10pt;\">09 de septiembre<\/span><\/p>\n<\/td>\n<td style=\"width: 92.15pt; border-top: none; border-left: none; border-bottom: 1pt solid windowtext; border-right: 1pt solid windowtext; padding: 0cm 5.4pt;\" width=\"123\">\n<p style=\"margin-bottom: 0.0001pt;\"><span style=\"font-size: 10pt;\">Los Lagos, Puerto Montt<\/span><\/p>\n<\/td>\n<td style=\"width: 136.5pt; border-top: none; border-left: none; border-bottom: 1pt solid windowtext; border-right: 1pt solid windowtext; padding: 0cm 5.4pt;\" width=\"182\">\n<p style=\"margin-bottom: 0.0001pt;\"><span style=\"font-size: 10pt;\">Hotel Gran Pacifico, Sal\u00f3n Austral<\/span><\/p>\n<\/td>\n<td style=\"width: 99.6pt; border-top: none; border-left: none; border-bottom: 1pt solid windowtext; border-right: 1pt solid windowtext; padding: 0cm 5.4pt;\" width=\"133\">\n<p style=\"margin-bottom: 0.0001pt;\"><span style=\"font-size: 10pt;\">Urmeneta #719 Puerto Montt<\/span><\/p>\n<\/td>\n<\/tr>\n<tr>\n<td style=\"width: 21.85pt; border-right: 1pt solid windowtext; border-bottom: 1pt solid windowtext; border-left: 1pt solid windowtext; border-top: none; padding: 0cm 5.4pt;\" width=\"29\">\n<p style=\"margin-bottom: 0.0001pt;\"><span style=\"font-size: 10pt;\">5<\/span><\/p>\n<\/td>\n<td style=\"width: 91.3pt; border-top: none; border-left: none; border-bottom: 1pt solid windowtext; border-right: 1pt solid windowtext; padding: 0cm 5.4pt;\" width=\"122\">\n<p style=\"margin-bottom: 0.0001pt;\"><span style=\"font-size: 10pt;\">13 de septiembre<\/span><\/p>\n<\/td>\n<td style=\"width: 92.15pt; border-top: none; border-left: none; border-bottom: 1pt solid windowtext; border-right: 1pt solid windowtext; padding: 0cm 5.4pt;\" width=\"123\">\n<p style=\"margin-bottom: 0.0001pt;\"><span style=\"font-size: 10pt;\">Biob\u00edo, Concepci\u00f3n<\/span><\/p>\n<\/td>\n<td style=\"width: 136.5pt; border-top: none; border-left: none; border-bottom: 1pt solid windowtext; border-right: 1pt solid windowtext; padding: 0cm 5.4pt;\" width=\"182\">\n<p style=\"margin-bottom: 0.0001pt;\"><span style=\"font-size: 10pt;\">Hotel Diego de Almagro, Sal\u00f3n Llanquihue<\/span><\/p>\n<\/td>\n<td style=\"width: 99.6pt; border-top: none; border-left: none; border-bottom: 1pt solid windowtext; border-right: 1pt solid windowtext; padding: 0cm 5.4pt;\" width=\"133\">\n<p style=\"margin-bottom: 0.0001pt;\"><span style=\"font-size: 10pt;\">Chacabuco # 156 Concepci\u00f3n<\/span><\/p>\n<\/td>\n<\/tr>\n<tr>\n<td style=\"width: 21.85pt; border-right: 1pt solid windowtext; border-bottom: 1pt solid windowtext; border-left: 1pt solid windowtext; border-top: none; padding: 0cm 5.4pt;\" width=\"29\">\n<p style=\"margin-bottom: 0.0001pt;\"><span style=\"font-size: 10pt;\">6<\/span><\/p>\n<\/td>\n<td style=\"width: 91.3pt; border-top: none; border-left: none; border-bottom: 1pt solid windowtext; border-right: 1pt solid windowtext; padding: 0cm 5.4pt;\" width=\"122\">\n<p style=\"margin-bottom: 0.0001pt;\"><span style=\"font-size: 10pt;\">22 de septiembre<\/span><\/p>\n<\/td>\n<td style=\"width: 92.15pt; border-top: none; border-left: none; border-bottom: 1pt solid windowtext; border-right: 1pt solid windowtext; padding: 0cm 5.4pt;\" width=\"123\">\n<p style=\"margin-bottom: 0.0001pt;\"><span style=\"font-size: 10pt;\">Magallanes, Punta Arenas<\/span><\/p>\n<\/td>\n<td style=\"width: 136.5pt; border-top: none; border-left: none; border-bottom: 1pt solid windowtext; border-right: 1pt solid windowtext; padding: 0cm 5.4pt;\" width=\"182\">\n<p style=\"margin-bottom: 0.0001pt;\"><span style=\"font-size: 10pt;\">Hotel Best Western Finis Terrae, Sal\u00f3n Mirador<\/span><\/p>\n<\/td>\n<td style=\"width: 99.6pt; border-top: none; border-left: none; border-bottom: 1pt solid windowtext; border-right: 1pt solid windowtext; padding: 0cm 5.4pt;\" width=\"133\">\n<p style=\"margin-bottom: 0.0001pt;\"><span style=\"font-size: 10pt;\">Av. Col\u00f3n #766<\/span><\/p>\n<\/td>\n<\/tr>\n<\/tbody>\n<\/table>\n<p style=\"text-align: justify;\">El programa del taller se puede descargar en el siguiente link:&nbsp;<a class=\"doclink\" href=\"index.php?option=com_docman&amp;task=doc_download&amp;gid=484&amp;Itemid=280\"><img decoding=\"async\" class=\" size-full wp-image-15480\" src=\"https:\/\/portal.sma.gob.cl\/wp-content\/uploads\/2012\/07\/pdf.png\" alt=\"icon\" border=\"0\" width=\"16\" height=\"16\" \/>&nbsp;Programa Talleres Impuestos Verdes (MMA)<\/a><\/p>\n<p style=\"text-align: justify;\">Para reservar su cupo, debe enviar un correo electr\u00f3nico al Sr. H\u00e9ctor Chac\u00f3n (<a href=\"mailto:hchacon@mma.gob.cl\">hchacon@mma.gob.cl<\/a>) referenciando como Asunto: Taller Impuestos Verdes e indicando el nombre de su empresa, el nombre y cargo de los participantes y el Taller al que asistir\u00e1n.<\/p>\n","protected":false},"excerpt":{"rendered":"<p>Las actividades se realizar\u00e1n en seis regiones del pa\u00eds y se dirigen a titulares de establecimientos industriales potencialmente afectos al nuevo gravamen.<\/p>\n","protected":false},"author":3,"featured_media":16506,"comment_status":"open","ping_status":"open","sticky":false,"template":"","format":"standard","meta":{"footnotes":""},"categories":[94],"tags":[],"class_list":["post-16507","post","type-post","status-publish","format-standard","has-post-thumbnail","hentry","category-notas-noticias"],"_links":{"self":[{"href":"https:\/\/portal.sma.gob.cl\/index.php\/wp-json\/wp\/v2\/posts\/16507","targetHints":{"allow":["GET"]}}],"collection":[{"href":"https:\/\/portal.sma.gob.cl\/index.php\/wp-json\/wp\/v2\/posts"}],"about":[{"href":"https:\/\/portal.sma.gob.cl\/index.php\/wp-json\/wp\/v2\/types\/post"}],"author":[{"embeddable":true,"href":"https:\/\/portal.sma.gob.cl\/index.php\/wp-json\/wp\/v2\/users\/3"}],"replies":[{"embeddable":true,"href":"https:\/\/portal.sma.gob.cl\/index.php\/wp-json\/wp\/v2\/comments?post=16507"}],"version-history":[{"count":0,"href":"https:\/\/portal.sma.gob.cl\/index.php\/wp-json\/wp\/v2\/posts\/16507\/revisions"}],"wp:featuredmedia":[{"embeddable":true,"href":"https:\/\/portal.sma.gob.cl\/index.php\/wp-json\/wp\/v2\/media\/16506"}],"wp:attachment":[{"href":"https:\/\/portal.sma.gob.cl\/index.php\/wp-json\/wp\/v2\/media?parent=16507"}],"wp:term":[{"taxonomy":"category","embeddable":true,"href":"https:\/\/portal.sma.gob.cl\/index.php\/wp-json\/wp\/v2\/categories?post=16507"},{"taxonomy":"post_tag","embeddable":true,"href":"https:\/\/portal.sma.gob.cl\/index.php\/wp-json\/wp\/v2\/tags?post=16507"}],"curies":[{"name":"wp","href":"https:\/\/api.w.org\/{rel}","templated":true}]}}