{"id":16513,"date":"2016-09-05T17:58:00","date_gmt":"2016-09-05T17:58:00","guid":{"rendered":"https:\/\/portal.sma.gob.cl\/index.php\/2016\/09\/05\/superintendente-participa-de-premiacion-a-municipios-que-lograron-certificacion-ambiental\/"},"modified":"2016-09-05T17:58:00","modified_gmt":"2016-09-05T17:58:00","slug":"superintendente-participa-de-premiacion-a-municipios-que-lograron-certificacion-ambiental","status":"publish","type":"post","link":"https:\/\/portal.sma.gob.cl\/index.php\/superintendente-participa-de-premiacion-a-municipios-que-lograron-certificacion-ambiental\/","title":{"rendered":"Superintendente participa en ceremonia de premiaci\u00f3n a municipios que lograron certificaci\u00f3n ambiental"},"content":{"rendered":"<p style=\"text-align: justify;\"><strong><img decoding=\"async\" class=\"size-auto size-full wp-image-16512\" src=\"https:\/\/portal.sma.gob.cl\/wp-content\/uploads\/2016\/09\/fotoNOTA.jpg\" alt=\"fotoNOTA\" width=\"760\" height=\"360\" srcset=\"https:\/\/portal.sma.gob.cl\/wp-content\/uploads\/2016\/09\/fotoNOTA-200x95.jpg 200w, https:\/\/portal.sma.gob.cl\/wp-content\/uploads\/2016\/09\/fotoNOTA-300x142.jpg 300w, https:\/\/portal.sma.gob.cl\/wp-content\/uploads\/2016\/09\/fotoNOTA-400x189.jpg 400w, https:\/\/portal.sma.gob.cl\/wp-content\/uploads\/2016\/09\/fotoNOTA-600x284.jpg 600w, https:\/\/portal.sma.gob.cl\/wp-content\/uploads\/2016\/09\/fotoNOTA.jpg 760w\" sizes=\"(max-width: 760px) 100vw, 760px\" \/><\/strong><\/p>\n<p style=\"text-align: justify;\"><strong>Este a\u00f1o 15 municipalidades de la Regi\u00f3n Metropolitana obtuvieron su certificaci\u00f3n por la gesti\u00f3n ambiental local, otorgada por el Ministerio del Medio Ambiente.<\/strong><\/p>\n<p>  <!--more-->  <\/p>\n<p style=\"text-align: justify;\"><strong>Santiago, 2 de septiembre de 2016.<\/strong> En una ceremonia celebrada en el Sal\u00f3n Am\u00e9rica de la Biblioteca Nacional, se entreg\u00f3 esta ma\u00f1ana la certificaci\u00f3n por su gesti\u00f3n ambiental local a 15 municipios de la Regi\u00f3n Metropolitana.<\/p>\n<p style=\"text-align: justify;\">La actividad, encabezada por el ministro del Medio Ambiente Pablo Badenier y el Secretario Regional Ministerial Jorge Canals de la Puente, distingui\u00f3 a las comunas que este a\u00f1o lograron dicha certificaci\u00f3n en distintos niveles: Curacav\u00ed, en nivel b\u00e1sico; San Pedro, Lo Prado, Independencia, Estaci\u00f3n Central, Quinta Normal y Quilicura, en nivel intermedio; Puente Alto, La Florida, San Joaqu\u00edn, Lo Barnechea, Renca, Paine, Providencia y Recoleta, en excelencia.<br \/>El ministro Badenier, se\u00f1al\u00f3 que el Sistema de Certificaci\u00f3n Ambiental Municipal \u201ces una pol\u00edtica p\u00fablica y una muy buena herramienta de gesti\u00f3n para los municipios\u201d. A\u00f1adi\u00f3 que \u201chemos visto en el tiempo que hay municipios con experiencias bastante exitosas -por ejemplo- en gesti\u00f3n de residuos, generaci\u00f3n de biodiesel a trav\u00e9s de la recuperaci\u00f3n de aceite y huertos urbanos\u201d.<\/p>\n<p style=\"text-align: justify;\">Adem\u00e1s, durante el encuentro se hizo una distinci\u00f3n especial a municipios con gesti\u00f3n ambiental local exitosa en el a\u00f1o 2015 que recay\u00f3 en las comunas de: Calera de Tango, Vitacura, Pe\u00f1alol\u00e9n y San Joaqu\u00edn.<\/p>\n<p style=\"text-align: justify;\">En dicho encuentro tambi\u00e9n particip\u00f3 el Superintendente del Medio Ambiente, Cristi\u00e1n Franz, quien realiz\u00f3 una charla magistral respecto de las \u201cCompetencias de la Superintendencia del Medio Ambiente y su aplicabilidad en el Territorio\u201d.<\/p>\n<p style=\"text-align: justify;\">En ella, explic\u00f3 las funciones de la SMA y c\u00f3mo se realizan los procesos de fiscalizaci\u00f3n y sanci\u00f3n. Tambi\u00e9n, abord\u00f3 c\u00f3mo la Superintendencia procesa las denuncias que recibe y cu\u00e1l es el rol que juegan los municipios, como un canal de recepci\u00f3n de denuncias ciudadanas, explciando c\u00f3mo deben tramitarlas ante la entidad.<\/p>\n<p style=\"text-align: justify;\">\u201cLos conflictos socio-ambientales afectan directamente a los gobiernos locales, ya que es en su territorio donde se produce el problema, de modo tal que es a su autoridad, a quien primero acudir\u00e1 el vecino o la comunidad afectada\u201d, expres\u00f3 Franz. En su presentaci\u00f3n, el Superintendente explic\u00f3 a los representantes municipales la gesti\u00f3n en materia de denuncias, especialmente las que se refieren al D.S. 38 sobre ruidos molestos, y tambi\u00e9n la coordinaci\u00f3n que se realiza de las actividades de fiscalizaci\u00f3n de los nuevos Planes de Descontaminaci\u00f3n.<\/p>\n","protected":false},"excerpt":{"rendered":"<p>Este a\u00f1o 15 municipalidades de la Regi\u00f3n Metropolitana obtuvieron su certificaci\u00f3n por la gesti\u00f3n ambiental local, otorgada por el Ministerio del Medio Ambiente.<\/p>\n","protected":false},"author":3,"featured_media":16511,"comment_status":"open","ping_status":"open","sticky":false,"template":"","format":"standard","meta":{"footnotes":""},"categories":[94],"tags":[],"class_list":["post-16513","post","type-post","status-publish","format-standard","has-post-thumbnail","hentry","category-notas-noticias"],"_links":{"self":[{"href":"https:\/\/portal.sma.gob.cl\/index.php\/wp-json\/wp\/v2\/posts\/16513","targetHints":{"allow":["GET"]}}],"collection":[{"href":"https:\/\/portal.sma.gob.cl\/index.php\/wp-json\/wp\/v2\/posts"}],"about":[{"href":"https:\/\/portal.sma.gob.cl\/index.php\/wp-json\/wp\/v2\/types\/post"}],"author":[{"embeddable":true,"href":"https:\/\/portal.sma.gob.cl\/index.php\/wp-json\/wp\/v2\/users\/3"}],"replies":[{"embeddable":true,"href":"https:\/\/portal.sma.gob.cl\/index.php\/wp-json\/wp\/v2\/comments?post=16513"}],"version-history":[{"count":0,"href":"https:\/\/portal.sma.gob.cl\/index.php\/wp-json\/wp\/v2\/posts\/16513\/revisions"}],"wp:featuredmedia":[{"embeddable":true,"href":"https:\/\/portal.sma.gob.cl\/index.php\/wp-json\/wp\/v2\/media\/16511"}],"wp:attachment":[{"href":"https:\/\/portal.sma.gob.cl\/index.php\/wp-json\/wp\/v2\/media?parent=16513"}],"wp:term":[{"taxonomy":"category","embeddable":true,"href":"https:\/\/portal.sma.gob.cl\/index.php\/wp-json\/wp\/v2\/categories?post=16513"},{"taxonomy":"post_tag","embeddable":true,"href":"https:\/\/portal.sma.gob.cl\/index.php\/wp-json\/wp\/v2\/tags?post=16513"}],"curies":[{"name":"wp","href":"https:\/\/api.w.org\/{rel}","templated":true}]}}