{"id":16519,"date":"2016-09-16T14:31:36","date_gmt":"2016-09-16T14:31:36","guid":{"rendered":"https:\/\/portal.sma.gob.cl\/index.php\/2016\/09\/16\/sma-inaugura-oficina-regional-de-los-lagos\/"},"modified":"2016-09-16T14:31:36","modified_gmt":"2016-09-16T14:31:36","slug":"sma-inaugura-oficina-regional-de-los-lagos","status":"publish","type":"post","link":"https:\/\/portal.sma.gob.cl\/index.php\/sma-inaugura-oficina-regional-de-los-lagos\/","title":{"rendered":"SMA inaugura oficina regional de Los Lagos"},"content":{"rendered":"<p style=\"text-align: justify;\"><strong><img decoding=\"async\" class=\"size-auto size-full wp-image-16518\" src=\"https:\/\/portal.sma.gob.cl\/wp-content\/uploads\/2016\/09\/fotonota_INAUGURACION.jpg\" alt=\"fotonota INAUGURACION\" width=\"760\" height=\"360\" srcset=\"https:\/\/portal.sma.gob.cl\/wp-content\/uploads\/2016\/09\/fotonota_INAUGURACION-200x95.jpg 200w, https:\/\/portal.sma.gob.cl\/wp-content\/uploads\/2016\/09\/fotonota_INAUGURACION-300x142.jpg 300w, https:\/\/portal.sma.gob.cl\/wp-content\/uploads\/2016\/09\/fotonota_INAUGURACION-400x189.jpg 400w, https:\/\/portal.sma.gob.cl\/wp-content\/uploads\/2016\/09\/fotonota_INAUGURACION-600x284.jpg 600w, https:\/\/portal.sma.gob.cl\/wp-content\/uploads\/2016\/09\/fotonota_INAUGURACION.jpg 760w\" sizes=\"(max-width: 760px) 100vw, 760px\" \/><\/strong><\/p>\n<p style=\"text-align: justify;\"><strong>Esta es la novena oficina del despliegue regional de la Superintendencia del Medio Ambiente. El evento cont\u00f3 con la presencia del Ministro Pablo Badenier y el Intendente de Los Lagos, Leonardo de la Prida.<\/strong><\/p>\n<p>  <!--more-->  <\/p>\n<p style=\"text-align: justify;\"><strong>Puerto Montt, 15 de septiembre de 2016.<\/strong> Con la presencia del Intendente de Los Lagos, Leonardo de la Prida; el Ministro de Medio Ambiente, Pablo Badenier; y el Superintendente del ramo, Cristi\u00e1n Franz, se realiz\u00f3 la ceremonia de inauguraci\u00f3n de la novena oficina regional de la Superintendencia del Medio Ambiente (SMA), en esta oportunidad, en la regi\u00f3n de Los Lagos.<\/p>\n<p style=\"text-align: justify;\">La nueva oficina regional ser\u00e1 encabezada por Ivonne Mansilla, Ingeniero en Medio Ambiente de amplia trayectoria en la regi\u00f3n. La oficina est\u00e1 ubicada en el sexto piso de An\u00edbal Pinto 142, edificio Murano, Puerto Montt. En ella se podr\u00e1n recibir denuncias ciudadanas y tambi\u00e9n se prestar\u00e1 asistencia al cumplimiento de las empresas reguladas por la SMA.<\/p>\n<p style=\"text-align: justify;\">\u201cQueremos que comunidad de la regi\u00f3n de Los Lagos entienda que la SMA est\u00e1 ac\u00e1 ahora con un equipo, y que es una instituci\u00f3n que funciona y responde a sus necesidades, especialmente a su derecho a vivir en un medio ambiente libre de contaminaci\u00f3n\u201d, dijo el Superintendente Franz tras el corte de cinta.<\/p>\n<p style=\"text-align: justify;\">Cabe destacar que la Superintendencia fiscaliza instrumentos de gesti\u00f3n ambiental. Estos son: Resoluciones de Calificaci\u00f3n Ambiental (RCA), normas de emisi\u00f3n, normas de calidad, y coordina la fiscalizaci\u00f3n de los Planes de Descontaminaci\u00f3n.<\/p>\n<p style=\"text-align: justify;\">Para realizar sus labores, la SMA cuenta con profesionales propios y con el apoyo de 16 servicios p\u00fablicos que forman parte de la Red Nacional de Fiscalizaci\u00f3n Ambiental (RENFA). Entre ellos est\u00e1n Sernageomin, SAG, Conaf, DGA, Directemar.<\/p>\n<p style=\"text-align: justify;\">El Ministro del Medio Ambiente, Pablo Badenier, expres\u00f3 que la apertura de la nueva oficina \u201ces una muy buena noticia para la Regi\u00f3n de Los Lagos, porque viene a fortalecer el rol del Estado en materia de fiscalizaci\u00f3n ambiental. Estamos inaugurando una oficina con equipamiento e infraestructura, para que las Resoluciones de Calificaci\u00f3n Ambiental y los instrumentos de gesti\u00f3n ambiental que se deben cumplir, sean fiscalizadas, y si no se cumplen, sean debidamente sancionados\u201d.<\/p>\n<p style=\"text-align: justify;\">Por su parte, el intendente Leonardo de la Prida, manifest\u00f3 su satisfacci\u00f3n por plasmar con estas acciones la voluntad del Gobierno de trabajar en pos de la descentralizaci\u00f3n del pa\u00eds: \u201cVamos a tener una oficina de la Superintendencia s\u00f3lo para nuestra regi\u00f3n. Antes depend\u00edamos de Valdivia, de una oficina Macrozonal que se hac\u00eda cargo de 5 regiones, pero ahora con esta oficina no solamente se agilizar\u00e1n los procesos ya iniciados, sino que se podr\u00e1 fiscalizar con mayor fuerza&#8221;.<\/p>\n<h3 style=\"text-align: justify;\">Cifras de la regi\u00f3n<\/h3>\n<p style=\"text-align: justify;\">Los Lagos es la zona del pa\u00eds que m\u00e1s concentra Resoluciones de Calificaci\u00f3n Ambiental (RCA) aprobadas en el pa\u00eds, con m\u00e1s de 2.880 permisos. El sector pesca y acuicultura concentra un 77% de las unidades fiscalizables para la SMA en este aspecto. Mucho m\u00e1s abajo se encuentran los sectores equipamiento (4%) y saneamiento ambiental (4%).<\/p>\n<p style=\"text-align: justify;\">En los cuatro a\u00f1os de funcionamiento de la SMA se han iniciado 22 procedimientos sancionatorios en la Regi\u00f3n de Los Lagos. Un 60% de ellos est\u00e1 asociados al sector salmonero. Tambi\u00e9n se han aplicado sanciones con multa al Vertedero Dicham (25 Unidades Tributarias Anuales) y Cal Austral S.A. (221 UTA).<\/p>\n<p style=\"text-align: justify;\">Entre los sancionatorios, se encuentra la ejecuci\u00f3n de 16 Programas de Cumplimiento, herramienta prevista en la Ley y que permite a un infractor ponerse al d\u00eda con sus obligaciones ambientales y subsanar las deficiencias detectadas, a trav\u00e9s de un plan que asegure medidas de correcci\u00f3n en un plazo que debe ser aprobado por la SMA.<\/p>\n","protected":false},"excerpt":{"rendered":"<p>Esta es la novena oficina del despliegue regional de la Superintendencia del Medio Ambiente. El evento cont\u00f3 con la presencia del Ministro Pablo Badenier y el Intendente de Los Lagos, Leonardo de la Prida.<\/p>\n","protected":false},"author":3,"featured_media":16518,"comment_status":"open","ping_status":"open","sticky":false,"template":"","format":"standard","meta":{"footnotes":""},"categories":[90],"tags":[],"class_list":["post-16519","post","type-post","status-publish","format-standard","has-post-thumbnail","hentry","category-comunicados-noticias"],"_links":{"self":[{"href":"https:\/\/portal.sma.gob.cl\/index.php\/wp-json\/wp\/v2\/posts\/16519","targetHints":{"allow":["GET"]}}],"collection":[{"href":"https:\/\/portal.sma.gob.cl\/index.php\/wp-json\/wp\/v2\/posts"}],"about":[{"href":"https:\/\/portal.sma.gob.cl\/index.php\/wp-json\/wp\/v2\/types\/post"}],"author":[{"embeddable":true,"href":"https:\/\/portal.sma.gob.cl\/index.php\/wp-json\/wp\/v2\/users\/3"}],"replies":[{"embeddable":true,"href":"https:\/\/portal.sma.gob.cl\/index.php\/wp-json\/wp\/v2\/comments?post=16519"}],"version-history":[{"count":0,"href":"https:\/\/portal.sma.gob.cl\/index.php\/wp-json\/wp\/v2\/posts\/16519\/revisions"}],"wp:featuredmedia":[{"embeddable":true,"href":"https:\/\/portal.sma.gob.cl\/index.php\/wp-json\/wp\/v2\/media\/16518"}],"wp:attachment":[{"href":"https:\/\/portal.sma.gob.cl\/index.php\/wp-json\/wp\/v2\/media?parent=16519"}],"wp:term":[{"taxonomy":"category","embeddable":true,"href":"https:\/\/portal.sma.gob.cl\/index.php\/wp-json\/wp\/v2\/categories?post=16519"},{"taxonomy":"post_tag","embeddable":true,"href":"https:\/\/portal.sma.gob.cl\/index.php\/wp-json\/wp\/v2\/tags?post=16519"}],"curies":[{"name":"wp","href":"https:\/\/api.w.org\/{rel}","templated":true}]}}