{"id":16522,"date":"2016-09-16T17:46:02","date_gmt":"2016-09-16T17:46:02","guid":{"rendered":"https:\/\/portal.sma.gob.cl\/index.php\/2016\/09\/16\/sma-monteverde-sitio-arqueologico\/"},"modified":"2016-09-16T17:46:02","modified_gmt":"2016-09-16T17:46:02","slug":"sma-monteverde-sitio-arqueologico","status":"publish","type":"post","link":"https:\/\/portal.sma.gob.cl\/index.php\/sma-monteverde-sitio-arqueologico\/","title":{"rendered":"Autoridades ambientales visitan sitio arqueol\u00f3gico Monte Verde"},"content":{"rendered":"<p style=\"text-align: justify;\"><strong><img decoding=\"async\" class=\"size-auto size-full wp-image-16520\" src=\"https:\/\/portal.sma.gob.cl\/wp-content\/uploads\/2016\/09\/nota-MONTEVERDE.jpg\" alt=\"nota-MONTEVERDE\" width=\"760\" height=\"360\" srcset=\"https:\/\/portal.sma.gob.cl\/wp-content\/uploads\/2016\/09\/nota-MONTEVERDE-200x95.jpg 200w, https:\/\/portal.sma.gob.cl\/wp-content\/uploads\/2016\/09\/nota-MONTEVERDE-300x142.jpg 300w, https:\/\/portal.sma.gob.cl\/wp-content\/uploads\/2016\/09\/nota-MONTEVERDE-400x189.jpg 400w, https:\/\/portal.sma.gob.cl\/wp-content\/uploads\/2016\/09\/nota-MONTEVERDE-600x284.jpg 600w, https:\/\/portal.sma.gob.cl\/wp-content\/uploads\/2016\/09\/nota-MONTEVERDE.jpg 760w\" sizes=\"(max-width: 760px) 100vw, 760px\" \/><\/strong><\/p>\n<p style=\"text-align: justify;\"><strong>Con el fin de verificar las medidas provisionales adoptadas por la SMA para evitar un da\u00f1o ambiental en el sector, el Ministro Badenier y el Superintendente Franz recorrieron el sector.<\/strong><\/p>\n<p>  <!--more-->  <\/p>\n<p style=\"text-align: justify;\"><strong>Puerto Montt, 15 de septiembre de 2016.<\/strong> Un recorrido por el Monumento Hist\u00f3rico Monte Verde realizaron esta tarde el Ministro Pablo Badenier y el Superintendente del Medio Ambiente Cristi\u00e1n Franz. La visita estuvo acompa\u00f1ada por las autoridades regionales de la institucionalidad ambiental y de la Municipalidad de Puerto Montt.<\/p>\n<p style=\"text-align: justify;\">El recorrido tuvo como objetivo constatar en terreno el efecto de las medidas provisionales adoptadas por la SMA sobre la empresa Taller de Redes Servinet Limitada. Cabe recordar que en junio la SMA tom\u00f3 la medida de detenci\u00f3n de funcionamiento de dicho taller, debido a un inminente da\u00f1o al medio ambiente y el patrimonio cultural, provocado por la descarga de Residuos L\u00edquidos Industriales (Riles) a cursos de aguas debajo de la instalaci\u00f3n, incluyendo el estero Chinchihuapi de Trap\u00e9n, al margen de lo permitido en la Resoluci\u00f3n de Calificaci\u00f3n Ambiental (RCA) del proyecto.<\/p>\n<p style=\"text-align: justify;\">Posteriormente, el 18 de julio la SMA formul\u00f3 cargos a la compa\u00f1\u00eda por los incumplimientos detectados y la empresa present\u00f3 un Programa de Cumplimiento para hacerse cargo de sus infracciones, el cual est\u00e1 siendo analizado por esta Superintendencia. En forma paralela, la SMA ha ordenado la ejecuci\u00f3n de medidas a la compa\u00f1\u00eda, como por ejemplo, programas de monitoreo y an\u00e1lisis diario de los Riles; detenci\u00f3n del ingreso de nuevas redes al taller mientras se implementan las mejoras; entre otras.<\/p>\n<p style=\"text-align: justify;\">\u201cEs muy importante destacar que en este caso la SMA adopt\u00f3 medidas urgentes y transitorias para evitar el da\u00f1o al medio ambiente y al patrimonio de este importante Monumento Hist\u00f3rico. Ac\u00e1 hemos trabajado con celeridad y hemos visto de parte de la empresa una actitud positiva, en orden a ponerse al d\u00eda con las infracciones detectadas\u201d, dijo el Superintendente Franz en su visita por el sector.<\/p>\n<p style=\"text-align: justify;\">El Alcalde (S), Carlos Soto, agradeci\u00f3 la visita del Ministro Badenier y el Superintendente Franz, apreciando que \u201chemos visto ac\u00e1 una r\u00e1pida acci\u00f3n de la institucionalidad ambiental. Vimos este tema con el Seremi Jorge Pasminio, quien transmiti\u00f3 el tema a la SMA y hoy podemos ver que el estero est\u00e1 en buenas condiciones\u201d.<br \/>La jefa de la oficina regional de la SMA en Los Lagos, Ivonne Mansilla, expres\u00f3 que \u201ccomo Superintendencia seguiremos monitoreando este tema de cerca, pues sabemos que la fiscalizaci\u00f3n debe ser constante. Adem\u00e1s ac\u00e1 hay un proceso sancionatorio abierto que debe seguir su curso\u201d.<\/p>\n<h3 style=\"text-align: justify;\">Datos del Monumento Hist\u00f3rico Monte Verde<\/h3>\n<p style=\"text-align: justify;\">El a\u00f1o 2008 se declar\u00f3 como Monumento Hist\u00f3rico el sitio arqueol\u00f3gico Monte Verde, ubicado en el sector de la Pir\u00e1mide, Trap\u00e9n. En esta zona se encontraron vestigios de aproximadamente 14.800 a\u00f1os que prueban que hombres provenientes de la cultura Clovis fueron los primeros en habitar Am\u00e9rica, encontr\u00e1ndose pruebas del poblamiento humano tard\u00edo desde Asia por el Estrecho de Bering. <br \/>Entre las pruebas de esta antigua cultura que habit\u00f3 Monte Verde, se encuentran artefactos de madera, restos de alimentos vegetales como la papa silvestre, y huesos de animales entre los que se cuentan los restos de 5 o 6 mastodontes, representantes de la megafauna sudamericana.<\/p>\n<p style=\"text-align: justify;\">M\u00e1s informaci\u00f3n del Monumento Hist\u00f3rico Monte Verde en <a href=\"http:\/\/www.monumentos.cl\/consejo\/606\/w3-propertyvalue-40922.html\">http:\/\/www.monumentos.cl\/consejo\/606\/w3-propertyvalue-40922.html<\/a><\/p>\n","protected":false},"excerpt":{"rendered":"<p>Con el fin de verificar las medidas provisionales adoptadas por la SMA para evitar un da\u00f1o ambiental en el sector, el Ministro Badenier y el Superintendente Franz recorrieron el sector.<\/p>\n","protected":false},"author":3,"featured_media":16520,"comment_status":"open","ping_status":"open","sticky":false,"template":"","format":"standard","meta":{"footnotes":""},"categories":[90],"tags":[],"class_list":["post-16522","post","type-post","status-publish","format-standard","has-post-thumbnail","hentry","category-comunicados-noticias"],"_links":{"self":[{"href":"https:\/\/portal.sma.gob.cl\/index.php\/wp-json\/wp\/v2\/posts\/16522","targetHints":{"allow":["GET"]}}],"collection":[{"href":"https:\/\/portal.sma.gob.cl\/index.php\/wp-json\/wp\/v2\/posts"}],"about":[{"href":"https:\/\/portal.sma.gob.cl\/index.php\/wp-json\/wp\/v2\/types\/post"}],"author":[{"embeddable":true,"href":"https:\/\/portal.sma.gob.cl\/index.php\/wp-json\/wp\/v2\/users\/3"}],"replies":[{"embeddable":true,"href":"https:\/\/portal.sma.gob.cl\/index.php\/wp-json\/wp\/v2\/comments?post=16522"}],"version-history":[{"count":0,"href":"https:\/\/portal.sma.gob.cl\/index.php\/wp-json\/wp\/v2\/posts\/16522\/revisions"}],"wp:featuredmedia":[{"embeddable":true,"href":"https:\/\/portal.sma.gob.cl\/index.php\/wp-json\/wp\/v2\/media\/16520"}],"wp:attachment":[{"href":"https:\/\/portal.sma.gob.cl\/index.php\/wp-json\/wp\/v2\/media?parent=16522"}],"wp:term":[{"taxonomy":"category","embeddable":true,"href":"https:\/\/portal.sma.gob.cl\/index.php\/wp-json\/wp\/v2\/categories?post=16522"},{"taxonomy":"post_tag","embeddable":true,"href":"https:\/\/portal.sma.gob.cl\/index.php\/wp-json\/wp\/v2\/tags?post=16522"}],"curies":[{"name":"wp","href":"https:\/\/api.w.org\/{rel}","templated":true}]}}