{"id":16540,"date":"2016-10-14T19:37:57","date_gmt":"2016-10-14T19:37:57","guid":{"rendered":"https:\/\/portal.sma.gob.cl\/index.php\/2016\/10\/14\/sma-capacita-a-funcionarios-publicos-en-tematicas-de-fiscalizacion\/"},"modified":"2016-10-14T19:37:57","modified_gmt":"2016-10-14T19:37:57","slug":"sma-capacita-a-funcionarios-publicos-en-tematicas-de-fiscalizacion","status":"publish","type":"post","link":"https:\/\/portal.sma.gob.cl\/index.php\/sma-capacita-a-funcionarios-publicos-en-tematicas-de-fiscalizacion\/","title":{"rendered":"SMA capacita a funcionarios p\u00fablicos en tem\u00e1ticas de fiscalizaci\u00f3n"},"content":{"rendered":"<div style=\"text-align: justify;\"><img decoding=\"async\" class=\"size-auto size-full wp-image-16539\" src=\"https:\/\/portal.sma.gob.cl\/wp-content\/uploads\/2016\/10\/NOTA_VALPO.jpg\" alt=\"NOTA VALPO\" width=\"760\" height=\"360\" srcset=\"https:\/\/portal.sma.gob.cl\/wp-content\/uploads\/2016\/10\/NOTA_VALPO-200x95.jpg 200w, https:\/\/portal.sma.gob.cl\/wp-content\/uploads\/2016\/10\/NOTA_VALPO-300x142.jpg 300w, https:\/\/portal.sma.gob.cl\/wp-content\/uploads\/2016\/10\/NOTA_VALPO-400x189.jpg 400w, https:\/\/portal.sma.gob.cl\/wp-content\/uploads\/2016\/10\/NOTA_VALPO-600x284.jpg 600w, https:\/\/portal.sma.gob.cl\/wp-content\/uploads\/2016\/10\/NOTA_VALPO.jpg 760w\" sizes=\"(max-width: 760px) 100vw, 760px\" \/><\/div>\n<div style=\"text-align: justify;\"><strong>En el marco de la Red Nacional de Fiscalizaci\u00f3n Ambiental, la SMA realiza charlas de inducci\u00f3n para los profesionales que colaboran en las labores de inspecci\u00f3n.<\/strong><\/div>\n<p>  <!--more-->  <\/p>\n<div style=\"text-align: justify;\"><strong>Valpara\u00edso, 14 de octubre de 2016.<\/strong> Un taller destinado a profesionales que se han ido incorporando a los servicios p\u00fablicos que forman parte de la Red Nacional de Fiscalizaci\u00f3n Ambiental (RENFA), se realiz\u00f3 esta ma\u00f1ana en dependencias de la Oficina Regional de Valpara\u00edso de la SMA.<\/div>\n<div style=\"text-align: justify;\">El jefe regional, Sergio de la Barrera, explica que esta actividad busc\u00f3 realizar una inducci\u00f3n a nuevos funcionarios que participan y colaboran en las actividades de fiscalizaci\u00f3n ambiental, especialmente de proyectos con Resoluciones de Calificaci\u00f3n Ambiental (RCA).<\/div>\n<div style=\"text-align: justify;\">El taller se realiz\u00f3 en media jornada, abordando temas como el procedimiento de fiscalizaci\u00f3n ambiental, basado en la Resoluci\u00f3n SMA N\u00b01.184\/2015, explicando tem\u00e1ticas como la planificaci\u00f3n de la inspecci\u00f3n, el llenado de actas y c\u00f3mo se realiza la solicitud de medidas provisionales. Finalmente, se abordaron algunos temas de seguimiento ambiental (Resoluci\u00f3n SMA N\u00b0 233).<\/div>\n<div style=\"text-align: justify;\">En la oportunidad participaron nuevos profesionales que se han ido sumando a la Seremi de Salud, al Servicio Agr\u00edcola y Ganadero (SAG) y la Direcci\u00f3n de Obras Hidr\u00e1ulicas (DOH), todos de la Regi\u00f3n de Valpara\u00edso.<\/div>\n","protected":false},"excerpt":{"rendered":"<p>En el marco de la Red Nacional de Fiscalizaci\u00f3n Ambiental, la SMA realiza charlas de inducci\u00f3n para los profesionales que colaboran en las labores de inspecci\u00f3n.<\/p>\n","protected":false},"author":3,"featured_media":16538,"comment_status":"open","ping_status":"open","sticky":false,"template":"","format":"standard","meta":{"footnotes":""},"categories":[94],"tags":[],"class_list":["post-16540","post","type-post","status-publish","format-standard","has-post-thumbnail","hentry","category-notas-noticias"],"_links":{"self":[{"href":"https:\/\/portal.sma.gob.cl\/index.php\/wp-json\/wp\/v2\/posts\/16540","targetHints":{"allow":["GET"]}}],"collection":[{"href":"https:\/\/portal.sma.gob.cl\/index.php\/wp-json\/wp\/v2\/posts"}],"about":[{"href":"https:\/\/portal.sma.gob.cl\/index.php\/wp-json\/wp\/v2\/types\/post"}],"author":[{"embeddable":true,"href":"https:\/\/portal.sma.gob.cl\/index.php\/wp-json\/wp\/v2\/users\/3"}],"replies":[{"embeddable":true,"href":"https:\/\/portal.sma.gob.cl\/index.php\/wp-json\/wp\/v2\/comments?post=16540"}],"version-history":[{"count":0,"href":"https:\/\/portal.sma.gob.cl\/index.php\/wp-json\/wp\/v2\/posts\/16540\/revisions"}],"wp:featuredmedia":[{"embeddable":true,"href":"https:\/\/portal.sma.gob.cl\/index.php\/wp-json\/wp\/v2\/media\/16538"}],"wp:attachment":[{"href":"https:\/\/portal.sma.gob.cl\/index.php\/wp-json\/wp\/v2\/media?parent=16540"}],"wp:term":[{"taxonomy":"category","embeddable":true,"href":"https:\/\/portal.sma.gob.cl\/index.php\/wp-json\/wp\/v2\/categories?post=16540"},{"taxonomy":"post_tag","embeddable":true,"href":"https:\/\/portal.sma.gob.cl\/index.php\/wp-json\/wp\/v2\/tags?post=16540"}],"curies":[{"name":"wp","href":"https:\/\/api.w.org\/{rel}","templated":true}]}}