{"id":16544,"date":"2016-10-20T15:07:27","date_gmt":"2016-10-20T15:07:27","guid":{"rendered":"https:\/\/portal.sma.gob.cl\/index.php\/2016\/10\/20\/antofagasta-sma-se-reune-con-servicios-publicos-para-programar-fiscalizaciones-2017\/"},"modified":"2016-10-20T15:07:27","modified_gmt":"2016-10-20T15:07:27","slug":"antofagasta-sma-se-reune-con-servicios-publicos-para-programar-fiscalizaciones-2017","status":"publish","type":"post","link":"https:\/\/portal.sma.gob.cl\/index.php\/antofagasta-sma-se-reune-con-servicios-publicos-para-programar-fiscalizaciones-2017\/","title":{"rendered":"ANTOFAGASTA: SMA se re\u00fane con servicios p\u00fablicos para programar fiscalizaciones 2017"},"content":{"rendered":"<div style=\"text-align: justify;\"><strong><img decoding=\"async\" class=\"size-auto size-full wp-image-16543\" src=\"https:\/\/portal.sma.gob.cl\/wp-content\/uploads\/2016\/10\/Nota_taller_antofagasta.jpg\" alt=\"Nota taller antofagasta\" width=\"760\" height=\"360\" srcset=\"https:\/\/portal.sma.gob.cl\/wp-content\/uploads\/2016\/10\/Nota_taller_antofagasta-200x95.jpg 200w, https:\/\/portal.sma.gob.cl\/wp-content\/uploads\/2016\/10\/Nota_taller_antofagasta-300x142.jpg 300w, https:\/\/portal.sma.gob.cl\/wp-content\/uploads\/2016\/10\/Nota_taller_antofagasta-400x189.jpg 400w, https:\/\/portal.sma.gob.cl\/wp-content\/uploads\/2016\/10\/Nota_taller_antofagasta-600x284.jpg 600w, https:\/\/portal.sma.gob.cl\/wp-content\/uploads\/2016\/10\/Nota_taller_antofagasta.jpg 760w\" sizes=\"(max-width: 760px) 100vw, 760px\" \/><\/strong><\/div>\n<div style=\"text-align: justify;\"><strong>En el marco de la planificaci\u00f3n anual de los programas y subprogramas de fiscalizaci\u00f3n ambiental, las oficinas regionales realizan consultas a los integrantes de la Red Nacional de Fiscalizaci\u00f3n.<\/strong><\/div>\n<p>  <!--more-->  <\/p>\n<div style=\"text-align: justify;\">&nbsp;<\/div>\n<div style=\"text-align: justify;\"><strong>Antofagasta, 18 de octubre de 2016<\/strong>. En el Campus Coloso, de la Universidad de Antofagasta, se dieron cita esta ma\u00f1ana los representantes regionales de la Red Nacional de Fiscalizaci\u00f3n Ambiental (RENFA), con el objetivo de hacer part\u00edcipe a los organismos p\u00fablicos del proceso de consulta de proyectos a fiscalizar en el marco de los Programas y Subprogramas de Fiscalizaci\u00f3n de la SMA para el a\u00f1o 2017.<\/div>\n<div style=\"text-align: justify;\">&nbsp;<\/div>\n<div style=\"text-align: justify;\">En la oportunidad participaron 13 profesionales de las diferentes reparticiones que conforman la RENFA (SEREMI de Salud, SAG, CONAF, DGA, Directemar, Vialidad), adem\u00e1s de la direcci\u00f3n Regional del Servicio de Evaluaci\u00f3n Ambiental de la Regi\u00f3n de Antofagasta.<\/div>\n<div style=\"text-align: justify;\">&nbsp;<\/div>\n<div style=\"text-align: justify;\">&nbsp;\u201cEsta instancia fue muy provechosa para discutir y priorizar un listado de Unidades Fiscalizables susceptibles de incorporar en el Programa de Fiscalizaci\u00f3n 2017. En dicho an\u00e1lisis se consideraron como aspectos relevantes en la priorizaci\u00f3n los siguientes componentes: vulnerabilidad, complejidad de las instalaciones, procesos administrativos en curso por parte de la SMA, denuncias, priorizaci\u00f3n de los Organismos P\u00fablicos &nbsp;y su cobertura\u201d, explic\u00f3 el Jefe de la Oficina Regional de Antofagasta, Ricardo Ortiz, luego de la reuni\u00f3n.<\/div>\n<div style=\"text-align: justify;\">&nbsp;<\/div>\n<div style=\"text-align: justify;\">El dise\u00f1o y ejecuci\u00f3n de los Programas y Subprogramas de Fiscalizaci\u00f3n Ambiental es parte esencial del trabajo de la SMA, pues busca priorizar los recursos que se destinan anualmente a las actividades en terreno que ejecutan profesionales de la SMA y de los servicios p\u00fablicos que forman parte de la RENFA.<\/div>\n<div style=\"text-align: justify;\">&nbsp;<\/div>\n","protected":false},"excerpt":{"rendered":"<p>En el marco de la planificaci\u00f3n anual de los programas y subprogramas de fiscalizaci\u00f3n ambiental, las oficinas regionales realizan consultas a los integrantes de la Red Nacional de Fiscalizaci\u00f3n.<\/p>\n","protected":false},"author":3,"featured_media":16543,"comment_status":"open","ping_status":"open","sticky":false,"template":"","format":"standard","meta":{"footnotes":""},"categories":[94],"tags":[],"class_list":["post-16544","post","type-post","status-publish","format-standard","has-post-thumbnail","hentry","category-notas-noticias"],"_links":{"self":[{"href":"https:\/\/portal.sma.gob.cl\/index.php\/wp-json\/wp\/v2\/posts\/16544","targetHints":{"allow":["GET"]}}],"collection":[{"href":"https:\/\/portal.sma.gob.cl\/index.php\/wp-json\/wp\/v2\/posts"}],"about":[{"href":"https:\/\/portal.sma.gob.cl\/index.php\/wp-json\/wp\/v2\/types\/post"}],"author":[{"embeddable":true,"href":"https:\/\/portal.sma.gob.cl\/index.php\/wp-json\/wp\/v2\/users\/3"}],"replies":[{"embeddable":true,"href":"https:\/\/portal.sma.gob.cl\/index.php\/wp-json\/wp\/v2\/comments?post=16544"}],"version-history":[{"count":0,"href":"https:\/\/portal.sma.gob.cl\/index.php\/wp-json\/wp\/v2\/posts\/16544\/revisions"}],"wp:featuredmedia":[{"embeddable":true,"href":"https:\/\/portal.sma.gob.cl\/index.php\/wp-json\/wp\/v2\/media\/16543"}],"wp:attachment":[{"href":"https:\/\/portal.sma.gob.cl\/index.php\/wp-json\/wp\/v2\/media?parent=16544"}],"wp:term":[{"taxonomy":"category","embeddable":true,"href":"https:\/\/portal.sma.gob.cl\/index.php\/wp-json\/wp\/v2\/categories?post=16544"},{"taxonomy":"post_tag","embeddable":true,"href":"https:\/\/portal.sma.gob.cl\/index.php\/wp-json\/wp\/v2\/tags?post=16544"}],"curies":[{"name":"wp","href":"https:\/\/api.w.org\/{rel}","templated":true}]}}