{"id":16546,"date":"2016-10-20T18:15:40","date_gmt":"2016-10-20T18:15:40","guid":{"rendered":"https:\/\/portal.sma.gob.cl\/index.php\/2016\/10\/20\/atacama-servicios-publicos-programan-fiscalizaciones-2017-en-compania-de-la-sma\/"},"modified":"2016-10-20T18:15:40","modified_gmt":"2016-10-20T18:15:40","slug":"atacama-servicios-publicos-programan-fiscalizaciones-2017-en-compania-de-la-sma","status":"publish","type":"post","link":"https:\/\/portal.sma.gob.cl\/index.php\/atacama-servicios-publicos-programan-fiscalizaciones-2017-en-compania-de-la-sma\/","title":{"rendered":"ATACAMA: Servicios p\u00fablicos participan en programaci\u00f3n de fiscalizaciones para el a\u00f1o 2017"},"content":{"rendered":"<p style=\"text-align: justify;\"><img decoding=\"async\" class=\"size-auto size-full wp-image-16545\" src=\"https:\/\/portal.sma.gob.cl\/wp-content\/uploads\/2016\/10\/slide2paraNota.jpg\" alt=\"slide2paraNota.jpg\" width=\"760\" height=\"360\" srcset=\"https:\/\/portal.sma.gob.cl\/wp-content\/uploads\/2016\/10\/slide2paraNota-200x95.jpg 200w, https:\/\/portal.sma.gob.cl\/wp-content\/uploads\/2016\/10\/slide2paraNota-300x142.jpg 300w, https:\/\/portal.sma.gob.cl\/wp-content\/uploads\/2016\/10\/slide2paraNota-400x189.jpg 400w, https:\/\/portal.sma.gob.cl\/wp-content\/uploads\/2016\/10\/slide2paraNota-600x284.jpg 600w, https:\/\/portal.sma.gob.cl\/wp-content\/uploads\/2016\/10\/slide2paraNota.jpg 760w\" sizes=\"(max-width: 760px) 100vw, 760px\" \/><\/p>\n<div style=\"text-align: justify;\"><strong><strong style=\"color: #333333; font-family: Tahoma, Helvetica, Arial, sans-serif; font-size: 12.16px; text-align: justify;\">En el marco de la planificaci\u00f3n anual de los programas y subprogramas de fiscalizaci\u00f3n ambiental, las oficinas regionales realizan consultas a los integrantes de la Red Nacional de Fiscalizaci\u00f3n.&nbsp;<\/strong><\/strong><\/div>\n<p>  <!--more-->  <\/p>\n<div style=\"text-align: justify;\">&nbsp;<\/div>\n<div style=\"text-align: justify;\"><strong>ATACAMA, 18 de octubre de 2016<\/strong>. En la regi\u00f3n de Atacama se dieron cita los representantes regionales de la Red Nacional de Fiscalizaci\u00f3n Ambiental (RENFA), convocados por la Superintendencia del Medio Ambiente (SMA). El jefe regional de Atacama, Felipe S\u00e1nchez, explic\u00f3 que la reuni\u00f3n ten\u00eda por objetivo hacer part\u00edcipe a los organismos p\u00fablicos del proceso de consulta de proyectos a fiscalizar en el marco de los Programas y Subprogramas de Fiscalizaci\u00f3n de la SMA para el a\u00f1o 2017.<\/div>\n<div style=\"text-align: justify;\">&nbsp;<\/div>\n<div style=\"text-align: justify;\">\n<div>Esta oportunidad participaron 18 profesionales de diferentes reparticiones que conforman la RENFA, entre los que se cuentan representantes de la Seremi de Salud, SAG, CONAF, DGA, SEA, SEC, Conadi, Sernageomin, Sernapesca, SISS, Gobernaci\u00f3n Mar\u00edtima de Caldera, MTT y Vialidad.<\/div>\n<div>&nbsp;<\/div>\n<div>El dise\u00f1o y ejecuci\u00f3n de los Programas y Subprogramas de Fiscalizaci\u00f3n Ambiental es parte esencial del trabajo de la SMA, pues busca priorizar los recursos que se destinan anualmente a las actividades en terreno que ejecutan profesionales de la SMA y de los servicios p\u00fablicos que forman parte de la RENFA. &nbsp;<\/div>\n<\/p><\/div>\n","protected":false},"excerpt":{"rendered":"<p>En el marco de la planificaci\u00f3n anual de los programas y subprogramas de fiscalizaci\u00f3n ambiental, las oficinas regionales realizan consultas a los integrantes de la Red Nacional de Fiscalizaci\u00f3n.&nbsp;<\/p>\n","protected":false},"author":3,"featured_media":16545,"comment_status":"open","ping_status":"open","sticky":false,"template":"","format":"standard","meta":{"footnotes":""},"categories":[94],"tags":[],"class_list":["post-16546","post","type-post","status-publish","format-standard","has-post-thumbnail","hentry","category-notas-noticias"],"_links":{"self":[{"href":"https:\/\/portal.sma.gob.cl\/index.php\/wp-json\/wp\/v2\/posts\/16546","targetHints":{"allow":["GET"]}}],"collection":[{"href":"https:\/\/portal.sma.gob.cl\/index.php\/wp-json\/wp\/v2\/posts"}],"about":[{"href":"https:\/\/portal.sma.gob.cl\/index.php\/wp-json\/wp\/v2\/types\/post"}],"author":[{"embeddable":true,"href":"https:\/\/portal.sma.gob.cl\/index.php\/wp-json\/wp\/v2\/users\/3"}],"replies":[{"embeddable":true,"href":"https:\/\/portal.sma.gob.cl\/index.php\/wp-json\/wp\/v2\/comments?post=16546"}],"version-history":[{"count":0,"href":"https:\/\/portal.sma.gob.cl\/index.php\/wp-json\/wp\/v2\/posts\/16546\/revisions"}],"wp:featuredmedia":[{"embeddable":true,"href":"https:\/\/portal.sma.gob.cl\/index.php\/wp-json\/wp\/v2\/media\/16545"}],"wp:attachment":[{"href":"https:\/\/portal.sma.gob.cl\/index.php\/wp-json\/wp\/v2\/media?parent=16546"}],"wp:term":[{"taxonomy":"category","embeddable":true,"href":"https:\/\/portal.sma.gob.cl\/index.php\/wp-json\/wp\/v2\/categories?post=16546"},{"taxonomy":"post_tag","embeddable":true,"href":"https:\/\/portal.sma.gob.cl\/index.php\/wp-json\/wp\/v2\/tags?post=16546"}],"curies":[{"name":"wp","href":"https:\/\/api.w.org\/{rel}","templated":true}]}}