{"id":16548,"date":"2016-10-21T14:24:14","date_gmt":"2016-10-21T14:24:14","guid":{"rendered":"https:\/\/portal.sma.gob.cl\/index.php\/2016\/10\/21\/iquique-servicios-publicos-junto-a-la-sma-programan-fiscalizaciones-para-el-2017\/"},"modified":"2016-10-21T14:24:14","modified_gmt":"2016-10-21T14:24:14","slug":"iquique-servicios-publicos-junto-a-la-sma-programan-fiscalizaciones-para-el-2017","status":"publish","type":"post","link":"https:\/\/portal.sma.gob.cl\/index.php\/iquique-servicios-publicos-junto-a-la-sma-programan-fiscalizaciones-para-el-2017\/","title":{"rendered":"IQUIQUE: Servicios p\u00fablicos junto a la SMA programan fiscalizaciones para el 2017"},"content":{"rendered":"<p style=\"text-align: justify;\"><strong><img decoding=\"async\" class=\"size-auto size-full wp-image-16547\" src=\"https:\/\/portal.sma.gob.cl\/wp-content\/uploads\/2016\/10\/NotaIquique.jpg\" alt=\"NotaIquique.jpg\" width=\"760\" height=\"360\" srcset=\"https:\/\/portal.sma.gob.cl\/wp-content\/uploads\/2016\/10\/NotaIquique-200x95.jpg 200w, https:\/\/portal.sma.gob.cl\/wp-content\/uploads\/2016\/10\/NotaIquique-300x142.jpg 300w, https:\/\/portal.sma.gob.cl\/wp-content\/uploads\/2016\/10\/NotaIquique-400x189.jpg 400w, https:\/\/portal.sma.gob.cl\/wp-content\/uploads\/2016\/10\/NotaIquique-600x284.jpg 600w, https:\/\/portal.sma.gob.cl\/wp-content\/uploads\/2016\/10\/NotaIquique.jpg 760w\" sizes=\"(max-width: 760px) 100vw, 760px\" \/><\/strong><\/p>\n<p style=\"text-align: justify;\"><strong>En el marco de la planificaci\u00f3n anual de los programas y subprogramas de fiscalizaci\u00f3n ambiental, las oficinas regionales realizan consultas a los integrantes de la Red Nacional de Fiscalizaci\u00f3n.<\/strong><\/p>\n<p>  <!--more-->  <\/p>\n<p style=\"text-align: justify;\"><strong style=\"font-size: 12.16px;\">Iquique, 19 de octubre de 2016<\/strong>. En oficinas de la Superintendencia de la regi\u00f3n de Iquique, se realiz\u00f3 el taller de programaci\u00f3n de fiscalizaci\u00f3n 2017 junto los Organismos Sectoriales. Esto, con el fin de hacer part\u00edcipe a los organismos p\u00fablicos del proceso de consulta de proyectos a fiscalizar en el marco de los Programas y Subprogramas de Fiscalizaci\u00f3n de la SMA para el a\u00f1o 2017.<\/p>\n<div style=\"text-align: justify;\">Esta oportunidad participaron 10 profesionales de diferentes organismos sectoriales que conforman la RENFA, entre los que se cuentan representantes de la Seremi Salud, CONAF, Conadi, Sernageomin, Gobernaci\u00f3n Mar\u00edtima de Iquique, Sernapesca, CMN y Vialidad. Tambi\u00e9n participaron representantes del Servicio de Evaluaci\u00f3n Ambiental y de la Seremi de Medio Ambiente, todos de la Regi\u00f3n de Iquique.<\/div>\n<div style=\"text-align: justify;\">&nbsp;<\/div>\n<div style=\"text-align: justify;\">Boris Cerda se\u00f1al\u00f3 que &#8220;estamos muy contentos que este a\u00f1o se sume Conadi y la Direcci\u00f3n de Vialidad a las actividades de fiscalizaci\u00f3n anuales, ya que el a\u00f1o pasado no fueron parte de los programas de fiscalizaci\u00f3n de RCA&#8221;.<\/div>\n<div style=\"text-align: justify;\">&nbsp;<\/div>\n<div style=\"text-align: justify;\">El dise\u00f1o y ejecuci\u00f3n de los Programas y Subprogramas de Fiscalizaci\u00f3n Ambiental es parte esencial del trabajo de la SMA, pues busca priorizar los recursos que se destinan anualmente a las actividades en terreno que ejecutan profesionales de la SMA y de los servicios p\u00fablicos que forman parte de la RENFA. &nbsp;<\/div>\n","protected":false},"excerpt":{"rendered":"<p>En el marco de la planificaci\u00f3n anual de los programas y subprogramas de fiscalizaci\u00f3n ambiental, las oficinas regionales realizan consultas a los integrantes de la Red Nacional de Fiscalizaci\u00f3n.<\/p>\n","protected":false},"author":3,"featured_media":16547,"comment_status":"open","ping_status":"open","sticky":false,"template":"","format":"standard","meta":{"footnotes":""},"categories":[94],"tags":[],"class_list":["post-16548","post","type-post","status-publish","format-standard","has-post-thumbnail","hentry","category-notas-noticias"],"_links":{"self":[{"href":"https:\/\/portal.sma.gob.cl\/index.php\/wp-json\/wp\/v2\/posts\/16548","targetHints":{"allow":["GET"]}}],"collection":[{"href":"https:\/\/portal.sma.gob.cl\/index.php\/wp-json\/wp\/v2\/posts"}],"about":[{"href":"https:\/\/portal.sma.gob.cl\/index.php\/wp-json\/wp\/v2\/types\/post"}],"author":[{"embeddable":true,"href":"https:\/\/portal.sma.gob.cl\/index.php\/wp-json\/wp\/v2\/users\/3"}],"replies":[{"embeddable":true,"href":"https:\/\/portal.sma.gob.cl\/index.php\/wp-json\/wp\/v2\/comments?post=16548"}],"version-history":[{"count":0,"href":"https:\/\/portal.sma.gob.cl\/index.php\/wp-json\/wp\/v2\/posts\/16548\/revisions"}],"wp:featuredmedia":[{"embeddable":true,"href":"https:\/\/portal.sma.gob.cl\/index.php\/wp-json\/wp\/v2\/media\/16547"}],"wp:attachment":[{"href":"https:\/\/portal.sma.gob.cl\/index.php\/wp-json\/wp\/v2\/media?parent=16548"}],"wp:term":[{"taxonomy":"category","embeddable":true,"href":"https:\/\/portal.sma.gob.cl\/index.php\/wp-json\/wp\/v2\/categories?post=16548"},{"taxonomy":"post_tag","embeddable":true,"href":"https:\/\/portal.sma.gob.cl\/index.php\/wp-json\/wp\/v2\/tags?post=16548"}],"curies":[{"name":"wp","href":"https:\/\/api.w.org\/{rel}","templated":true}]}}