{"id":16553,"date":"2016-10-21T19:32:32","date_gmt":"2016-10-21T19:32:32","guid":{"rendered":"https:\/\/portal.sma.gob.cl\/index.php\/2016\/10\/21\/valparaiso-talleres\/"},"modified":"2016-10-21T19:32:32","modified_gmt":"2016-10-21T19:32:32","slug":"valparaiso-talleres","status":"publish","type":"post","link":"https:\/\/portal.sma.gob.cl\/index.php\/valparaiso-talleres\/","title":{"rendered":"VALPARA\u00cdSO: Servicios p\u00fablicos junto a la SMA programan fiscalizaciones para 2017."},"content":{"rendered":"<div><img decoding=\"async\" class=\"size-auto size-full wp-image-16551\" src=\"https:\/\/portal.sma.gob.cl\/wp-content\/uploads\/2018\/12\/Foto_Nota_Valpara%C3%ADso.jpg\" alt=\"Foto Nota Valpara\u00edso\" width=\"760\" height=\"360\" \/><\/div>\n<div style=\"text-align: justify;\"><strong>En el marco de la planificaci\u00f3n anual de los programas y subprogramas de fiscalizaci\u00f3n ambiental, las oficinas regionales realizan consultas a los integrantes de la Red Nacional de Fiscalizaci\u00f3n.<\/strong>&nbsp;<\/div>\n<p>  <!--more-->  <\/p>\n<div style=\"text-align: justify;\">&nbsp;<\/div>\n<div style=\"text-align: justify;\">\n<div style=\"color: #333333; font-family: Tahoma, Helvetica, Arial, sans-serif; font-size: 12.16px; text-align: justify;\"><strong style=\"font-size: 12.16px;\">VALPARA\u00cdSO, 21 de octubre de 2016<\/strong>.&nbsp;En oficinas de la Superintendencia de la regi\u00f3n de Valpara\u00edso &nbsp;se llev\u00f3 a cabo el taller de programaci\u00f3n de fiscalizaci\u00f3n 2017 junto los Organismos Sectoriales. Esto, con el fin de hacer part\u00edcipe a los organismos p\u00fablicos del proceso de consulta de proyectos a fiscalizar en el marco de los Programas y Subprogramas de Fiscalizaci\u00f3n de la SMA para el a\u00f1o 2017.<\/div>\n<div style=\"color: #333333; font-family: Tahoma, Helvetica, Arial, sans-serif; font-size: 12.16px; text-align: justify;\">\n<div>&nbsp;<\/div>\n<div>Esta oportunidad participaron 15 &nbsp;profesionales de diferentes organismos sectoriales que conforman la RENFA, entre los que se cuentan representantes de la Seremi Salud, CONAF, Sernageomin, Gobernaci\u00f3n Mar\u00edtima de San Antonio, Sernapesca, SAG, DGA Valpara\u00edso y Vialidad.<\/div>\n<div>&nbsp;<\/div>\n<div>\u201cEsta instancia sirve para conocer las especiales caracter\u00edsticas de los proyectos con RCA y la relevancia que tienen su accionar para el medio ambiente. Con estas reuniones nos coordinamos adecuadamente con todos los organismos de la RENFA para ejecutar adecuadamente las acciones de fiscalizaci\u00f3n ambiental del Estado\u201d, se\u00f1al\u00f3 Sergio de la Barrera, jefe de la Oficina Regional de Valpara\u00edso.<\/div>\n<div>&nbsp;<\/div>\n<div>El dise\u00f1o y ejecuci\u00f3n de los Programas y Subprogramas de Fiscalizaci\u00f3n Ambiental es parte esencial del trabajo de la SMA, pues busca priorizar los recursos que se destinan anualmente a las actividades en terreno que ejecutan profesionales de la SMA y de los servicios p\u00fablicos que forman parte de la RENFA.&nbsp;&nbsp;<\/div>\n<\/p><\/div>\n<\/p><\/div>\n","protected":false},"excerpt":{"rendered":"<p>En el marco de la planificaci\u00f3n anual de los programas y subprogramas de fiscalizaci\u00f3n ambiental, las oficinas regionales realizan consultas a los integrantes de la Red Nacional de Fiscalizaci\u00f3n.&nbsp;<\/p>\n","protected":false},"author":3,"featured_media":16551,"comment_status":"open","ping_status":"open","sticky":false,"template":"","format":"standard","meta":{"footnotes":""},"categories":[94],"tags":[],"class_list":["post-16553","post","type-post","status-publish","format-standard","has-post-thumbnail","hentry","category-notas-noticias"],"_links":{"self":[{"href":"https:\/\/portal.sma.gob.cl\/index.php\/wp-json\/wp\/v2\/posts\/16553","targetHints":{"allow":["GET"]}}],"collection":[{"href":"https:\/\/portal.sma.gob.cl\/index.php\/wp-json\/wp\/v2\/posts"}],"about":[{"href":"https:\/\/portal.sma.gob.cl\/index.php\/wp-json\/wp\/v2\/types\/post"}],"author":[{"embeddable":true,"href":"https:\/\/portal.sma.gob.cl\/index.php\/wp-json\/wp\/v2\/users\/3"}],"replies":[{"embeddable":true,"href":"https:\/\/portal.sma.gob.cl\/index.php\/wp-json\/wp\/v2\/comments?post=16553"}],"version-history":[{"count":0,"href":"https:\/\/portal.sma.gob.cl\/index.php\/wp-json\/wp\/v2\/posts\/16553\/revisions"}],"wp:featuredmedia":[{"embeddable":true,"href":"https:\/\/portal.sma.gob.cl\/index.php\/wp-json\/wp\/v2\/media\/16551"}],"wp:attachment":[{"href":"https:\/\/portal.sma.gob.cl\/index.php\/wp-json\/wp\/v2\/media?parent=16553"}],"wp:term":[{"taxonomy":"category","embeddable":true,"href":"https:\/\/portal.sma.gob.cl\/index.php\/wp-json\/wp\/v2\/categories?post=16553"},{"taxonomy":"post_tag","embeddable":true,"href":"https:\/\/portal.sma.gob.cl\/index.php\/wp-json\/wp\/v2\/tags?post=16553"}],"curies":[{"name":"wp","href":"https:\/\/api.w.org\/{rel}","templated":true}]}}