{"id":16555,"date":"2016-10-21T20:25:50","date_gmt":"2016-10-21T20:25:50","guid":{"rendered":"https:\/\/portal.sma.gob.cl\/index.php\/2016\/10\/21\/hualpen\/"},"modified":"2016-10-21T20:25:50","modified_gmt":"2016-10-21T20:25:50","slug":"hualpen","status":"publish","type":"post","link":"https:\/\/portal.sma.gob.cl\/index.php\/hualpen\/","title":{"rendered":"SMA ordena detener construcci\u00f3n de condominio en Hualp\u00e9n"},"content":{"rendered":"<p style=\"text-align: justify;\"><img decoding=\"async\" class=\"size-auto size-full wp-image-16554\" src=\"https:\/\/portal.sma.gob.cl\/wp-content\/uploads\/2016\/10\/Foto_Minuta_Departamento.jpg\" alt=\"Foto Minuta Departamento\" width=\"760\" height=\"360\" srcset=\"https:\/\/portal.sma.gob.cl\/wp-content\/uploads\/2016\/10\/Foto_Minuta_Departamento-200x95.jpg 200w, https:\/\/portal.sma.gob.cl\/wp-content\/uploads\/2016\/10\/Foto_Minuta_Departamento-300x142.jpg 300w, https:\/\/portal.sma.gob.cl\/wp-content\/uploads\/2016\/10\/Foto_Minuta_Departamento-400x189.jpg 400w, https:\/\/portal.sma.gob.cl\/wp-content\/uploads\/2016\/10\/Foto_Minuta_Departamento-600x284.jpg 600w, https:\/\/portal.sma.gob.cl\/wp-content\/uploads\/2016\/10\/Foto_Minuta_Departamento.jpg 760w\" sizes=\"(max-width: 760px) 100vw, 760px\" \/><\/p>\n<p style=\"text-align: justify;\"><strong>La Superintendencia del Medio Ambiente (SMA) fue autorizada por el Tercer Tribunal Ambiental a detener las faenas del proyecto \u201cLos Presidentes 2\u201d, de la constructora Vain Limitada, ubicado en el sector Santa Mar\u00eda de Hualp\u00e9n.<\/strong><\/p>\n<p>  <!--more-->  <\/p>\n<div style=\"text-align: justify;\"><strong style=\"font-size: 12.16px;\">Concepci\u00f3n, 20 de Octubre &nbsp;del 2016.<\/strong> El Tercer Tribunal Ambiental de Valdivia, autoriz\u00f3 &nbsp;la medida provisional solicitada por la Superintendencia del Medio Ambiente (SMA), &nbsp;respecto a detener las faenas de construcci\u00f3n de hincado de pilotes del \u201cCondominio Los Presidentes 2\u201d de la empresa Vain Limitada, ubicado en el sector Santa Mar\u00eda, comuna de Hualp\u00e9n, Regi\u00f3n del Biob\u00edo. Esto, &nbsp;debido a emisiones de ruido que sobrepasaban la normativa vigente de acuerdo a la ubicaci\u00f3n del proyecto.<\/div>\n<div style=\"text-align: justify;\">&nbsp;<\/div>\n<div style=\"text-align: justify;\">La Oficina Regional del Biob\u00edo de la SMA, recibi\u00f3 denuncias respecto de los ruidos ocasionados por esta construcci\u00f3n por parte de los vecinos del Condominio Los Presidentes 1, como por la Municipalidad de Hualp\u00e9n. &nbsp;Para atender a estos requerimientos, realiz\u00f3 una fiscalizaci\u00f3n en terreno los d\u00edas 5 y 6 de octubre, verificando instrumentalmente (en siete puntos de receptores &nbsp;perimetrales &nbsp;a las obras de construcci\u00f3n), &nbsp;la superaci\u00f3n de la norma de emisi\u00f3n de ruidos, que en la zona deber\u00edan en horario diurno alcanzar un m\u00e1ximo de 60 decibeles.<\/div>\n<div style=\"text-align: justify;\">&nbsp;<\/div>\n<div style=\"text-align: justify;\">Debido a que en las fiscalizaciones en terreno se constat\u00f3 que las emisiones de ruido superaban entre 6 a 22 decibles el l\u00edmite permitido, lo cual representa un riesgo eventual para la salud poblaci\u00f3n.<\/div>\n<div style=\"text-align: justify;\">&nbsp;<\/div>\n<div style=\"text-align: justify;\">La Jefa de Oficina Regional Biob\u00edo, Emelina Zamorano se\u00f1al\u00f3 \u201cesperamos que Vain Limitada acate las medidas provisionales y que durante los 15 d\u00edas de paralizaci\u00f3n habilite los mecanismos y construya las obras necesarias para evitar que estos niveles de ruido sigan impactando a los vecinos. Vamos a fiscalizar el cumplimiento efectivo de la medida, y si la empresa no cumple lo solicitado, se paralizar\u00e1 la obra nuevamente hasta que el problema est\u00e9 solucionado\u201d.&nbsp;<\/div>\n<div style=\"text-align: justify;\">&nbsp;<\/div>\n<div style=\"text-align: justify;\">Zamorano a\u00f1adi\u00f3 un llamado a las \u201cempresas constructoras a verificar y fortalecer el correcto cumplimiento de la normativa ambiental vigente, ya que los ruidos molestos son una denuncia constante en la SMA y afectan la salud de la poblaci\u00f3n que se ve expuesta a ella\u201d.<\/div>\n<div style=\"text-align: justify;\">&nbsp;<\/div>\n<div style=\"text-align: justify;\">Cabe destacar que el proyecto \u201cLos Presidentes 2\u201d busca reponer dos torres de edificios que debieron ser demolidas a consecuencia del terremoto del 27F, y que complementan al Condominio Los Presidentes 1, en uso actualmente.<\/div>\n<div>&nbsp; <\/p>\n<div style=\"border: 1pt solid windowtext; padding: 1pt 4pt;\">\n<p style=\"text-align: justify; border: none; padding: 0cm;\"><strong><span style=\"font-size: 8pt; line-height: 107%;\">\u00bfQu\u00e9 ruidos molestos fiscaliza la SMA?<\/span><\/strong><\/p>\n<p style=\"text-align: justify; border: none; padding: 0cm;\"><span style=\"font-size: 8pt; line-height: 107%;\">Revisar el D.S. N\u00b0 38\/2011 del MMA en <\/span><a href=\"http:\/\/www.mma.gob.cl\/1304\/w3-article-52382.html\">http:\/\/www.mma.gob.cl\/1304\/w3-article-52382.html<\/a><\/p>\n<\/p><\/div>\n<\/p><\/div>\n<div>&nbsp;<\/div>\n","protected":false},"excerpt":{"rendered":"<p>La Superintendencia del Medio Ambiente (SMA) fue autorizada por el Tercer Tribunal Ambiental a detener las faenas del proyecto \u201cLos Presidentes 2\u201d, de la constructora Vain Limitada, ubicado en el sector Santa Mar\u00eda de Hualp\u00e9n.<\/p>\n","protected":false},"author":3,"featured_media":16554,"comment_status":"open","ping_status":"open","sticky":false,"template":"","format":"standard","meta":{"footnotes":""},"categories":[90],"tags":[],"class_list":["post-16555","post","type-post","status-publish","format-standard","has-post-thumbnail","hentry","category-comunicados-noticias"],"_links":{"self":[{"href":"https:\/\/portal.sma.gob.cl\/index.php\/wp-json\/wp\/v2\/posts\/16555","targetHints":{"allow":["GET"]}}],"collection":[{"href":"https:\/\/portal.sma.gob.cl\/index.php\/wp-json\/wp\/v2\/posts"}],"about":[{"href":"https:\/\/portal.sma.gob.cl\/index.php\/wp-json\/wp\/v2\/types\/post"}],"author":[{"embeddable":true,"href":"https:\/\/portal.sma.gob.cl\/index.php\/wp-json\/wp\/v2\/users\/3"}],"replies":[{"embeddable":true,"href":"https:\/\/portal.sma.gob.cl\/index.php\/wp-json\/wp\/v2\/comments?post=16555"}],"version-history":[{"count":0,"href":"https:\/\/portal.sma.gob.cl\/index.php\/wp-json\/wp\/v2\/posts\/16555\/revisions"}],"wp:featuredmedia":[{"embeddable":true,"href":"https:\/\/portal.sma.gob.cl\/index.php\/wp-json\/wp\/v2\/media\/16554"}],"wp:attachment":[{"href":"https:\/\/portal.sma.gob.cl\/index.php\/wp-json\/wp\/v2\/media?parent=16555"}],"wp:term":[{"taxonomy":"category","embeddable":true,"href":"https:\/\/portal.sma.gob.cl\/index.php\/wp-json\/wp\/v2\/categories?post=16555"},{"taxonomy":"post_tag","embeddable":true,"href":"https:\/\/portal.sma.gob.cl\/index.php\/wp-json\/wp\/v2\/tags?post=16555"}],"curies":[{"name":"wp","href":"https:\/\/api.w.org\/{rel}","templated":true}]}}