{"id":16559,"date":"2016-10-26T16:08:50","date_gmt":"2016-10-26T16:08:50","guid":{"rendered":"https:\/\/portal.sma.gob.cl\/index.php\/2016\/10\/26\/rancagua-sma-realizan-talleres-a-empresas-reguladas-y-se-coordina-con-servicios-publicos-para-fiscalizaciones-2017\/"},"modified":"2016-10-26T16:08:50","modified_gmt":"2016-10-26T16:08:50","slug":"rancagua-sma-realizan-talleres-a-empresas-reguladas-y-se-coordina-con-servicios-publicos-para-fiscalizaciones-2017","status":"publish","type":"post","link":"https:\/\/portal.sma.gob.cl\/index.php\/rancagua-sma-realizan-talleres-a-empresas-reguladas-y-se-coordina-con-servicios-publicos-para-fiscalizaciones-2017\/","title":{"rendered":"RANCAGUA: SMA realiza talleres a empresas reguladas y se coordina con servicios p\u00fablicos para fiscalizaciones 2017"},"content":{"rendered":"<div style=\"text-align: justify;\"><img decoding=\"async\" class=\"size-auto size-full wp-image-16558\" src=\"https:\/\/portal.sma.gob.cl\/wp-content\/uploads\/2016\/10\/notaRANCAGUAMODIF.jpg\" alt=\"notaRANCAGUAMODIF\" width=\"760\" height=\"360\" srcset=\"https:\/\/portal.sma.gob.cl\/wp-content\/uploads\/2016\/10\/notaRANCAGUAMODIF-200x95.jpg 200w, https:\/\/portal.sma.gob.cl\/wp-content\/uploads\/2016\/10\/notaRANCAGUAMODIF-300x142.jpg 300w, https:\/\/portal.sma.gob.cl\/wp-content\/uploads\/2016\/10\/notaRANCAGUAMODIF-400x189.jpg 400w, https:\/\/portal.sma.gob.cl\/wp-content\/uploads\/2016\/10\/notaRANCAGUAMODIF-600x284.jpg 600w, https:\/\/portal.sma.gob.cl\/wp-content\/uploads\/2016\/10\/notaRANCAGUAMODIF.jpg 760w\" sizes=\"(max-width: 760px) 100vw, 760px\" \/><\/div>\n<div style=\"text-align: justify;\"><strong>El 24 de octubre se llevaron a cabo dos actividades en la Oficina Regional de Rancagua. En la jornada de la ma\u00f1ana se capacit\u00f3 a empresas sobre los procedimientos de fiscalizaci\u00f3n y sanci\u00f3n, mientras que en la tarde se coordinaron las fiscalizaciones 2017 con los servicios p\u00fablicos integrantes de la RENFA.<\/strong><\/div>\n<p>  <!--more-->  <\/p>\n<div style=\"text-align: justify;\">&nbsp;<\/div>\n<div style=\"text-align: justify;\"><strong>Rancagua, 25 de octubre de 2016.<\/strong> \u201cEste d\u00eda tuvimos una jornada doble muy interesante. Por la ma\u00f1ana se realiz\u00f3 un taller con empresas reguladas por la SMA del rubro agropecuario, explicando muy detalladamente los procesos de fiscalizaci\u00f3n y sanci\u00f3n de la Superintendencia. Por la tarde, nos reunimos con los servicios p\u00fablicos que forman parte de la Red Nacional de Fiscalizaci\u00f3n Ambiental (RENFA), con quienes vamos a coordinar las actividades del a\u00f1o 2017\u201d. Con estas palabras, el jefe de la Oficina Regional de Rancagua, Santiago Pinedo, describe la intensa semana de actividades de la SMA en la capital de la regi\u00f3n de O\u2019Higgins.<\/div>\n<div style=\"text-align: justify;\">&nbsp;<\/div>\n<div style=\"text-align: justify;\">El primer taller del d\u00eda busc\u00f3 capacitar en media jornada a m\u00e1s de 20 representantes de empresas reguladas por la SMA respecto de los procedimientos de fiscalizaci\u00f3n y sanci\u00f3n del organismo. La actividad, encabezada por Pinedo y la Jefa de la Divisi\u00f3n de Sanci\u00f3n y Cumplimiento, Marie Claude Plumer, busc\u00f3 explicar en detalle a los titulares de proyecto c\u00f3mo se inician los procedimientos sancionatorios, las opciones que tiene el titular, ya sea presentar un Programa de Cumplimiento o Descargos, y los distintos pasos de todo el modelo sancionador.<\/div>\n<div style=\"text-align: justify;\">&nbsp;<\/div>\n<div style=\"text-align: justify;\">En tanto, durante la tarde en la Oficina Regional se llev\u00f3 a cabo el encuentro con funcionarios de 9 servicios p\u00fablicos que integran la Red Nacional de Fiscalizaci\u00f3n Ambiental (RENFA), con el objetivo de planificar los Programas y Subprogramas de Fiscalizaci\u00f3n Ambiental para el a\u00f1o 2017.<\/div>\n<div style=\"text-align: justify;\">&nbsp;<\/div>\n<div style=\"text-align: justify;\">En la actividad participaron profesionales de la Seremi de Salud, Seremi de Transportes, SEC, Vialidad, DGA, SAG, Conaf, Sernageomin. El dise\u00f1o y ejecuci\u00f3n de los Programas y Subprogramas de Fiscalizaci\u00f3n Ambiental es parte esencial del trabajo de la SMA, pues busca priorizar los recursos que se destinan anualmente a las actividades en terreno que ejecutan profesionales de la SMA y de los servicios p\u00fablicos que forman parte de la RENFA.<\/div>\n<div>&nbsp;<\/div>\n<div>&nbsp;<\/div>\n","protected":false},"excerpt":{"rendered":"<p>El 24 de octubre se llevaron a cabo dos actividades en la Oficina Regional de Rancagua. En la jornada de la ma\u00f1ana se capacit\u00f3 a empresas sobre los procedimientos de fiscalizaci\u00f3n y sanci\u00f3n, mientras que en la tarde se coordinaron las fiscalizaciones 2017 con los servicios p\u00fablicos integrantes de la RENFA.<\/p>\n","protected":false},"author":3,"featured_media":16558,"comment_status":"open","ping_status":"open","sticky":false,"template":"","format":"standard","meta":{"footnotes":""},"categories":[94],"tags":[],"class_list":["post-16559","post","type-post","status-publish","format-standard","has-post-thumbnail","hentry","category-notas-noticias"],"_links":{"self":[{"href":"https:\/\/portal.sma.gob.cl\/index.php\/wp-json\/wp\/v2\/posts\/16559","targetHints":{"allow":["GET"]}}],"collection":[{"href":"https:\/\/portal.sma.gob.cl\/index.php\/wp-json\/wp\/v2\/posts"}],"about":[{"href":"https:\/\/portal.sma.gob.cl\/index.php\/wp-json\/wp\/v2\/types\/post"}],"author":[{"embeddable":true,"href":"https:\/\/portal.sma.gob.cl\/index.php\/wp-json\/wp\/v2\/users\/3"}],"replies":[{"embeddable":true,"href":"https:\/\/portal.sma.gob.cl\/index.php\/wp-json\/wp\/v2\/comments?post=16559"}],"version-history":[{"count":0,"href":"https:\/\/portal.sma.gob.cl\/index.php\/wp-json\/wp\/v2\/posts\/16559\/revisions"}],"wp:featuredmedia":[{"embeddable":true,"href":"https:\/\/portal.sma.gob.cl\/index.php\/wp-json\/wp\/v2\/media\/16558"}],"wp:attachment":[{"href":"https:\/\/portal.sma.gob.cl\/index.php\/wp-json\/wp\/v2\/media?parent=16559"}],"wp:term":[{"taxonomy":"category","embeddable":true,"href":"https:\/\/portal.sma.gob.cl\/index.php\/wp-json\/wp\/v2\/categories?post=16559"},{"taxonomy":"post_tag","embeddable":true,"href":"https:\/\/portal.sma.gob.cl\/index.php\/wp-json\/wp\/v2\/tags?post=16559"}],"curies":[{"name":"wp","href":"https:\/\/api.w.org\/{rel}","templated":true}]}}