{"id":16563,"date":"2016-10-27T18:27:31","date_gmt":"2016-10-27T18:27:31","guid":{"rendered":"https:\/\/portal.sma.gob.cl\/index.php\/2016\/10\/27\/concepcion-sma-programa-junto-a-servicios-publicos-las-fiscalizaciones-para-el-ano-2017\/"},"modified":"2016-10-27T18:27:31","modified_gmt":"2016-10-27T18:27:31","slug":"concepcion-sma-programa-junto-a-servicios-publicos-las-fiscalizaciones-para-el-ano-2017","status":"publish","type":"post","link":"https:\/\/portal.sma.gob.cl\/index.php\/concepcion-sma-programa-junto-a-servicios-publicos-las-fiscalizaciones-para-el-ano-2017\/","title":{"rendered":"CONCEPCI\u00d3N: SMA programa junto a servicios p\u00fablicos las fiscalizaciones para el a\u00f1o 2017"},"content":{"rendered":"<p style=\"text-align: justify;\"><strong><img decoding=\"async\" class=\"size-auto size-full wp-image-16562\" src=\"https:\/\/portal.sma.gob.cl\/wp-content\/uploads\/2016\/10\/nota_Biob%C3%ADo.jpg\" alt=\"nota Biob\u00edo\" width=\"760\" height=\"360\" \/><\/strong><\/p>\n<p style=\"text-align: justify;\"><strong>En el marco de la planificaci\u00f3n anual de los programas y subprogramas de fiscalizaci\u00f3n ambiental, las oficinas regionales realizan consultas a los integrantes de la Red Nacional de Fiscalizaci\u00f3n.<\/strong><\/p>\n<p>  <!--more-->  <\/p>\n<p style=\"text-align: justify;\"><strong>Concepci\u00f3n, 26 de octubre de 2016<\/strong>. En dependencias del Gobierno Regional del Biob\u00edo, &nbsp;en la Oficina Regional de la SMA, llev\u00f3 a cabo el taller de programaci\u00f3n de fiscalizaci\u00f3n 2017 junto los servicios p\u00fablicos de la Regi\u00f3n. Esto, con el fin de hacer part\u00edcipe a los organismos del proceso de consulta de proyectos a fiscalizar en el marco de los Programas y Subprogramas de Fiscalizaci\u00f3n de la SMA para el a\u00f1o 2017.<\/p>\n<div style=\"text-align: justify;\">En esta instancia participaron profesionales de diferentes organismos sectoriales que conforman la RENFA, entre los que se cuentan representantes de la Seremi Salud, CONAF, Sernageomin, Sernapesca, SAG y Vialidad, entre otros, todos de la Regi\u00f3n del Biob\u00edo.<\/div>\n<div style=\"text-align: justify;\">&nbsp;<\/div>\n<div style=\"text-align: justify;\">\u201cEstas participaciones nos ayudan agilizar y mejorar nuestros procesos de fiscalizaci\u00f3n, teniendo en cuenta la particularidad de cada proyecto a fiscalizar\u201d, se\u00f1al\u00f3 Emelina Zamorano, jefe de la Oficina Regional del Biob\u00edo.<\/div>\n<div style=\"text-align: justify;\">&nbsp;<\/div>\n<div style=\"text-align: justify;\">El dise\u00f1o y ejecuci\u00f3n de los Programas y Subprogramas de Fiscalizaci\u00f3n Ambiental es parte esencial del trabajo de la SMA, pues busca priorizar los recursos que se destinan anualmente a las actividades en terreno que ejecutan profesionales de la SMA y de los servicios p\u00fablicos que forman parte de la RENFA.&nbsp;<\/div>\n<div>&nbsp;<\/div>\n","protected":false},"excerpt":{"rendered":"<p>En el marco de la planificaci\u00f3n anual de los programas y subprogramas de fiscalizaci\u00f3n ambiental, las oficinas regionales realizan consultas a los integrantes de la Red Nacional de Fiscalizaci\u00f3n.<\/p>\n","protected":false},"author":3,"featured_media":16562,"comment_status":"open","ping_status":"open","sticky":false,"template":"","format":"standard","meta":{"footnotes":""},"categories":[94],"tags":[],"class_list":["post-16563","post","type-post","status-publish","format-standard","has-post-thumbnail","hentry","category-notas-noticias"],"_links":{"self":[{"href":"https:\/\/portal.sma.gob.cl\/index.php\/wp-json\/wp\/v2\/posts\/16563","targetHints":{"allow":["GET"]}}],"collection":[{"href":"https:\/\/portal.sma.gob.cl\/index.php\/wp-json\/wp\/v2\/posts"}],"about":[{"href":"https:\/\/portal.sma.gob.cl\/index.php\/wp-json\/wp\/v2\/types\/post"}],"author":[{"embeddable":true,"href":"https:\/\/portal.sma.gob.cl\/index.php\/wp-json\/wp\/v2\/users\/3"}],"replies":[{"embeddable":true,"href":"https:\/\/portal.sma.gob.cl\/index.php\/wp-json\/wp\/v2\/comments?post=16563"}],"version-history":[{"count":0,"href":"https:\/\/portal.sma.gob.cl\/index.php\/wp-json\/wp\/v2\/posts\/16563\/revisions"}],"wp:featuredmedia":[{"embeddable":true,"href":"https:\/\/portal.sma.gob.cl\/index.php\/wp-json\/wp\/v2\/media\/16562"}],"wp:attachment":[{"href":"https:\/\/portal.sma.gob.cl\/index.php\/wp-json\/wp\/v2\/media?parent=16563"}],"wp:term":[{"taxonomy":"category","embeddable":true,"href":"https:\/\/portal.sma.gob.cl\/index.php\/wp-json\/wp\/v2\/categories?post=16563"},{"taxonomy":"post_tag","embeddable":true,"href":"https:\/\/portal.sma.gob.cl\/index.php\/wp-json\/wp\/v2\/tags?post=16563"}],"curies":[{"name":"wp","href":"https:\/\/api.w.org\/{rel}","templated":true}]}}