{"id":16565,"date":"2016-10-27T20:13:07","date_gmt":"2016-10-27T20:13:07","guid":{"rendered":"https:\/\/portal.sma.gob.cl\/index.php\/2016\/10\/27\/se-realiza-la-sesion-n-20-del-consejo-de-la-sociedad-civil-de-la-sma\/"},"modified":"2016-10-27T20:13:07","modified_gmt":"2016-10-27T20:13:07","slug":"se-realiza-la-sesion-n-20-del-consejo-de-la-sociedad-civil-de-la-sma","status":"publish","type":"post","link":"https:\/\/portal.sma.gob.cl\/index.php\/se-realiza-la-sesion-n-20-del-consejo-de-la-sociedad-civil-de-la-sma\/","title":{"rendered":"Se realiza la sesi\u00f3n N\u00b0 20 del consejo de la Sociedad Civil de la SMA"},"content":{"rendered":"<p><img decoding=\"async\" class=\"size-auto size-full wp-image-16564\" src=\"https:\/\/portal.sma.gob.cl\/wp-content\/uploads\/2016\/10\/Nota_Consejo_civil.jpg\" alt=\"Nota Consejo civil\" width=\"760\" height=\"360\" srcset=\"https:\/\/portal.sma.gob.cl\/wp-content\/uploads\/2016\/10\/Nota_Consejo_civil-200x95.jpg 200w, https:\/\/portal.sma.gob.cl\/wp-content\/uploads\/2016\/10\/Nota_Consejo_civil-300x142.jpg 300w, https:\/\/portal.sma.gob.cl\/wp-content\/uploads\/2016\/10\/Nota_Consejo_civil-400x189.jpg 400w, https:\/\/portal.sma.gob.cl\/wp-content\/uploads\/2016\/10\/Nota_Consejo_civil-600x284.jpg 600w, https:\/\/portal.sma.gob.cl\/wp-content\/uploads\/2016\/10\/Nota_Consejo_civil.jpg 760w\" sizes=\"(max-width: 760px) 100vw, 760px\" \/><\/p>\n<p style=\"text-align: justify;\"><strong>En la oportunidad, representantes del mundo acad\u00e9mico, centros de estudios y ONG, conocieron los protocolos para la cuantificaci\u00f3n de emisiones en el marco de la implementaci\u00f3n de los impuestos verdes.<\/strong><\/p>\n<p>  <!--more-->  <\/p>\n<p style=\"text-align: justify;\"><strong>Santiago, 26 de octubre de 2016.<\/strong> Esta ma\u00f1ana se realiz\u00f3 la sesi\u00f3n N\u00b0 20 del Consejo de la Sociedad Civil de la Superintendencia del Medio Ambiente (SMA), instancia que se enmarca en el contexto de la Ley 20.500, Sobre Asociaciones y Participaci\u00f3n Ciudadana en la Gesti\u00f3n P\u00fablica.<\/p>\n<div style=\"text-align: justify;\">En esta oportunidad, Juan Pablo Rodr\u00edguez, profesional de la Divisi\u00f3n de Fiscalizaci\u00f3n de la SMA, realiz\u00f3 una exposici\u00f3n sobre los protocolos para la cuantificaci\u00f3n de emisiones de establecimientos afectos a \u201cimpuestos verdes\u201d. En el marco de esta regulaci\u00f3n, es la SMA el organismo encargado de la fiscalizaci\u00f3n, validaci\u00f3n y sanci\u00f3n de las emisiones que determinar\u00e1n el impuesto fijado en la Reforma Tributaria (Ley 20.780\/2014 del Ministerio de Hacienda, perfeccionada por la Ley 20.899\/2016 del mismo ministerio).<\/div>\n<div style=\"text-align: justify;\">&nbsp;<\/div>\n<div style=\"text-align: justify;\">Ambas leyes establecen dos tipos de impuestos. Uno se refiere a las fuentes m\u00f3viles y se paga al momento de la compra de un veh\u00edculo. El segundo, es un impuesto anual a las emisiones de MP, SO2, NOX y CO2, de calderas y turbinas con un potencial mayor a 50 MW de generaci\u00f3n, el cual comienza a regir en 2017 y el primer pago del impuesto deber\u00e1 realizarse a partir de 2018.<\/div>\n<div style=\"text-align: justify;\">&nbsp;<\/div>\n<div style=\"text-align: justify;\">Respecto del impuesto a las fuentes fijas, el Ministerio de Medio Ambiente debe establecer el catastro anual de fuentes afectas, mientras que la SMA deber\u00e1 consolidar anualmente las emisiones de las fuentes afectas (toneladas\/a\u00f1o) y enviarlas al Servicio de Impuestos Internos.<\/div>\n<div style=\"text-align: justify;\">&nbsp;<\/div>\n<div style=\"text-align: justify;\">Para llevar a cabo esta labor, la SMA ha definido protocolos (metodolog\u00edas) para la cuantificaci\u00f3n de las emisiones, entre las que se cuentan monitoreos continuos (CEMS), mediciones puntuales (m\u00e9todos de referencia) o estimaciones (factores de emisi\u00f3n). Dichos protocolos se enmarcan dentro de la rector\u00eda t\u00e9cnica de la SMA, reconocida en su Ley Org\u00e1nica.&nbsp;<\/div>\n<div style=\"text-align: justify;\">&nbsp;<\/div>\n<div style=\"text-align: justify;\">De esta manera, los Consejeros pudieron conocer en detalle las distintas fases de la elaboraci\u00f3n del protocolo para la cuantificaci\u00f3n de emisiones. En la sesi\u00f3n de hoy, participaron ocho miembros del Consejo: Sergio Montenegro (Centro de Derecho Ambiental de la U. de Chile); Keyla Majluf (Asipec AG); Alejandra \u00c1vila (Colegio de Ge\u00f3logos); Jaime Esp\u00ednola (Asociaci\u00f3n de Generadoras); Francisca Bardi (Fundaci\u00f3n Kennedy); Paula Nieto (Facultad de Ciencias Ambientales de la U. de Concepci\u00f3n); Ana Mar\u00eda Mu\u00f1oz (CUT) y Ezio Costa (ONG FIMA), presidente de la instancia para el per\u00edodo 2016-2018.<\/div>\n<div style=\"text-align: justify;\">&nbsp;<\/div>\n<div style=\"text-align: justify;\">Cabe destacar que dicho Consejo tiene un car\u00e1cter consultivo, representativo, plural y diverso. Tambi\u00e9n participa en los procesos de consulta de los planes, programas o pol\u00edticas en materia de seguimiento y fiscalizaci\u00f3n ambiental que la instituci\u00f3n estime pertinente. La instancia est\u00e1 integrada por 10 representantes de gremios, ONG, universidades y centros de estudio.<\/div>\n<div style=\"text-align: justify;\">&nbsp;<\/div>\n<div style=\"text-align: justify;\">&nbsp;<\/div>\n","protected":false},"excerpt":{"rendered":"<p>En la oportunidad, representantes del mundo acad\u00e9mico, centros de estudios y ONG, conocieron los protocolos para la cuantificaci\u00f3n de emisiones en el marco de la implementaci\u00f3n de los impuestos verdes.<\/p>\n","protected":false},"author":3,"featured_media":16564,"comment_status":"open","ping_status":"open","sticky":false,"template":"","format":"standard","meta":{"footnotes":""},"categories":[94],"tags":[],"class_list":["post-16565","post","type-post","status-publish","format-standard","has-post-thumbnail","hentry","category-notas-noticias"],"_links":{"self":[{"href":"https:\/\/portal.sma.gob.cl\/index.php\/wp-json\/wp\/v2\/posts\/16565","targetHints":{"allow":["GET"]}}],"collection":[{"href":"https:\/\/portal.sma.gob.cl\/index.php\/wp-json\/wp\/v2\/posts"}],"about":[{"href":"https:\/\/portal.sma.gob.cl\/index.php\/wp-json\/wp\/v2\/types\/post"}],"author":[{"embeddable":true,"href":"https:\/\/portal.sma.gob.cl\/index.php\/wp-json\/wp\/v2\/users\/3"}],"replies":[{"embeddable":true,"href":"https:\/\/portal.sma.gob.cl\/index.php\/wp-json\/wp\/v2\/comments?post=16565"}],"version-history":[{"count":0,"href":"https:\/\/portal.sma.gob.cl\/index.php\/wp-json\/wp\/v2\/posts\/16565\/revisions"}],"wp:featuredmedia":[{"embeddable":true,"href":"https:\/\/portal.sma.gob.cl\/index.php\/wp-json\/wp\/v2\/media\/16564"}],"wp:attachment":[{"href":"https:\/\/portal.sma.gob.cl\/index.php\/wp-json\/wp\/v2\/media?parent=16565"}],"wp:term":[{"taxonomy":"category","embeddable":true,"href":"https:\/\/portal.sma.gob.cl\/index.php\/wp-json\/wp\/v2\/categories?post=16565"},{"taxonomy":"post_tag","embeddable":true,"href":"https:\/\/portal.sma.gob.cl\/index.php\/wp-json\/wp\/v2\/tags?post=16565"}],"curies":[{"name":"wp","href":"https:\/\/api.w.org\/{rel}","templated":true}]}}