{"id":16578,"date":"2016-11-18T12:57:12","date_gmt":"2016-11-18T12:57:12","guid":{"rendered":"https:\/\/portal.sma.gob.cl\/index.php\/2016\/11\/18\/sma-participa-en-el-segundo-dialogo-regional-de-politicas-de-licenciamiento-y-fiscalizacion-ambiental-de-america-latina\/"},"modified":"2016-11-18T12:57:12","modified_gmt":"2016-11-18T12:57:12","slug":"sma-participa-en-el-segundo-dialogo-regional-de-politicas-de-licenciamiento-y-fiscalizacion-ambiental-de-america-latina","status":"publish","type":"post","link":"https:\/\/portal.sma.gob.cl\/index.php\/sma-participa-en-el-segundo-dialogo-regional-de-politicas-de-licenciamiento-y-fiscalizacion-ambiental-de-america-latina\/","title":{"rendered":"SMA participa en el Segundo Di\u00e1logo Regional de Pol\u00edticas de Licenciamiento y Fiscalizaci\u00f3n Ambiental de Am\u00e9rica Latina"},"content":{"rendered":"<p style=\"text-align: justify;\"><strong><img decoding=\"async\" class=\"size-auto size-full wp-image-16577\" src=\"https:\/\/portal.sma.gob.cl\/wp-content\/uploads\/2016\/11\/Nota_BID_1.jpg\" alt=\"Nota BID 1\" width=\"760\" height=\"360\" srcset=\"https:\/\/portal.sma.gob.cl\/wp-content\/uploads\/2016\/11\/Nota_BID_1-200x95.jpg 200w, https:\/\/portal.sma.gob.cl\/wp-content\/uploads\/2016\/11\/Nota_BID_1-300x142.jpg 300w, https:\/\/portal.sma.gob.cl\/wp-content\/uploads\/2016\/11\/Nota_BID_1-400x189.jpg 400w, https:\/\/portal.sma.gob.cl\/wp-content\/uploads\/2016\/11\/Nota_BID_1-600x284.jpg 600w, https:\/\/portal.sma.gob.cl\/wp-content\/uploads\/2016\/11\/Nota_BID_1.jpg 760w\" sizes=\"(max-width: 760px) 100vw, 760px\" \/><\/strong><\/p>\n<p style=\"text-align: justify;\"><strong>Entre el 15 y 16 de noviembre se llev\u00f3 a cabo en Panam\u00e1 la instancia de encuentro y colaboraci\u00f3n de los pa\u00edses de la Regi\u00f3n.<\/strong><\/p>\n<p>  <!--more-->  <\/p>\n<p style=\"text-align: justify;\"><strong style=\"font-size: 12.16px;\">Santiago, 18 de noviembre de 2016<\/strong>. En el marco del plan de trabajo internacional que ha desarrollado la Superintendencia del Medio Ambiente (SMA) para fortalecer los procedimientos de fiscalizaci\u00f3n y sanci\u00f3n a nivel nacional, el Superintendente del Medio Ambiente, Cristi\u00e1n Franz, junto a los funcionarios Emanuel Ibarra e Iv\u00e1n Honorato, participaron del Segundo Di\u00e1logo Regional de Pol\u00edticas de Licenciamiento y Fiscalizaci\u00f3n Ambiental de Am\u00e9rica Latina, realizado en la ciudad de Panam\u00e1, y organizado por el Banco Interamericano de Desarrollo (BID) y el Ministerio del Ambiente de Panam\u00e1.<\/p>\n<div style=\"text-align: justify;\">Los di\u00e1logos regionales tienen por objeto fomentar el intercambio de experiencias e identificar las mejores pr\u00e1cticas de fortalecimiento institucional y capacitaci\u00f3n operativa asociados con licenciamiento y fiscalizaci\u00f3n ambiental. Adicionalmente, estos espacios permiten fomentar la cooperaci\u00f3n latinoamericana, en espec\u00edfico la Sur-Sur.<\/div>\n<div style=\"text-align: justify;\">&nbsp;<\/div>\n<div style=\"text-align: justify;\">Durante el di\u00e1logo, la SMA present\u00f3 los avances alcanzados en materia de fiscalizaci\u00f3n y sanci\u00f3n, dando a conocer tambi\u00e9n los desaf\u00edos que tiene la instituci\u00f3n para los pr\u00f3ximos a\u00f1os en dichas materias. Tambi\u00e9n, el Superintendente present\u00f3 los desaf\u00edos de la gobernanza ambiental frente a aspectos clave de la agenda actual y futura, como el cambio clim\u00e1tico y la gesti\u00f3n del relacionamiento con los pueblos ind\u00edgenas.&nbsp;<\/div>\n<div style=\"text-align: justify;\">&nbsp;<\/div>\n<div style=\"text-align: justify;\">Al finalizar la actividad, Cristi\u00e1n Franz, plante\u00f3 la importancia del trabajo colaborativo y c\u00f3mo la REDSUFICA se puede transformar en una plataforma de trabajo regional, en materias de fiscalizaci\u00f3n y sanci\u00f3n. Tambi\u00e9n, expres\u00f3 la necesidad de que actores, como el BID y otros aportantes, se integren al trabajo de la red, con la finalidad de contar con los apoyos econ\u00f3micos que hagan sostenible a la red.<\/div>\n<div style=\"text-align: justify;\">&nbsp;<\/div>\n","protected":false},"excerpt":{"rendered":"<p>Entre el 15 y 16 de noviembre se llev\u00f3 a cabo en Panam\u00e1 la instancia de encuentro y colaboraci\u00f3n de los pa\u00edses de la Regi\u00f3n.<\/p>\n","protected":false},"author":3,"featured_media":16577,"comment_status":"open","ping_status":"open","sticky":false,"template":"","format":"standard","meta":{"footnotes":""},"categories":[94],"tags":[],"class_list":["post-16578","post","type-post","status-publish","format-standard","has-post-thumbnail","hentry","category-notas-noticias"],"_links":{"self":[{"href":"https:\/\/portal.sma.gob.cl\/index.php\/wp-json\/wp\/v2\/posts\/16578","targetHints":{"allow":["GET"]}}],"collection":[{"href":"https:\/\/portal.sma.gob.cl\/index.php\/wp-json\/wp\/v2\/posts"}],"about":[{"href":"https:\/\/portal.sma.gob.cl\/index.php\/wp-json\/wp\/v2\/types\/post"}],"author":[{"embeddable":true,"href":"https:\/\/portal.sma.gob.cl\/index.php\/wp-json\/wp\/v2\/users\/3"}],"replies":[{"embeddable":true,"href":"https:\/\/portal.sma.gob.cl\/index.php\/wp-json\/wp\/v2\/comments?post=16578"}],"version-history":[{"count":0,"href":"https:\/\/portal.sma.gob.cl\/index.php\/wp-json\/wp\/v2\/posts\/16578\/revisions"}],"wp:featuredmedia":[{"embeddable":true,"href":"https:\/\/portal.sma.gob.cl\/index.php\/wp-json\/wp\/v2\/media\/16577"}],"wp:attachment":[{"href":"https:\/\/portal.sma.gob.cl\/index.php\/wp-json\/wp\/v2\/media?parent=16578"}],"wp:term":[{"taxonomy":"category","embeddable":true,"href":"https:\/\/portal.sma.gob.cl\/index.php\/wp-json\/wp\/v2\/categories?post=16578"},{"taxonomy":"post_tag","embeddable":true,"href":"https:\/\/portal.sma.gob.cl\/index.php\/wp-json\/wp\/v2\/tags?post=16578"}],"curies":[{"name":"wp","href":"https:\/\/api.w.org\/{rel}","templated":true}]}}