{"id":16581,"date":"2016-11-18T13:21:32","date_gmt":"2016-11-18T13:21:32","guid":{"rendered":"https:\/\/portal.sma.gob.cl\/index.php\/2016\/11\/18\/sma-participa-en-iv-encuentro-de-la-red-sudamericana-de-fiscalizacion-y-cumplimiento-ambiental\/"},"modified":"2016-11-18T13:21:32","modified_gmt":"2016-11-18T13:21:32","slug":"sma-participa-en-iv-encuentro-de-la-red-sudamericana-de-fiscalizacion-y-cumplimiento-ambiental","status":"publish","type":"post","link":"https:\/\/portal.sma.gob.cl\/index.php\/sma-participa-en-iv-encuentro-de-la-red-sudamericana-de-fiscalizacion-y-cumplimiento-ambiental\/","title":{"rendered":"SMA participa en IV Encuentro de la Red Sudamericana de Fiscalizaci\u00f3n y Cumplimiento Ambiental"},"content":{"rendered":"<p style=\"text-align: justify;\"><img decoding=\"async\" class=\"size-auto size-full wp-image-16580\" src=\"https:\/\/portal.sma.gob.cl\/wp-content\/uploads\/2016\/11\/Nota-3.jpg\" alt=\"Nota-3\" width=\"760\" height=\"360\" srcset=\"https:\/\/portal.sma.gob.cl\/wp-content\/uploads\/2016\/11\/Nota-3-200x95.jpg 200w, https:\/\/portal.sma.gob.cl\/wp-content\/uploads\/2016\/11\/Nota-3-300x142.jpg 300w, https:\/\/portal.sma.gob.cl\/wp-content\/uploads\/2016\/11\/Nota-3-400x189.jpg 400w, https:\/\/portal.sma.gob.cl\/wp-content\/uploads\/2016\/11\/Nota-3-600x284.jpg 600w, https:\/\/portal.sma.gob.cl\/wp-content\/uploads\/2016\/11\/Nota-3.jpg 760w\" sizes=\"(max-width: 760px) 100vw, 760px\" \/><\/p>\n<p style=\"text-align: justify;\"><strong>En ciudad de Panam\u00e1, se desarroll\u00f3 el cuarto encuentro de la Red Sudamericana de Fiscalizaci\u00f3n y Cumplimiento Ambiental.<\/strong><\/p>\n<p>  <!--more-->  <\/p>\n<p style=\"text-align: justify;\"><strong style=\"font-size: 12.16px;\">Panam\u00e1, 16 de noviembre de 2016. <\/strong>En el marco del plan de trabajo internacional que ha desarrollado la Superintendencia del Medio Ambiente (SMA) para fortalecer los procedimientos de fiscalizaci\u00f3n y sanci\u00f3n, el Superintendente del Medio Ambiente, Cristi\u00e1n Franz, particip\u00f3 del cuarto encuentro de la Red Sudamericana de Fiscalizaci\u00f3n y Cumplimiento Ambiental, realizado en la ciudad de Panam\u00e1.<\/p>\n<div style=\"text-align: justify;\">La Red Sudamericana de Fiscalizaci\u00f3n y Cumplimiento Ambiental es una organizaci\u00f3n integrada por instituciones p\u00fablicas que ejercen funciones de fiscalizaci\u00f3n ambiental en los pa\u00edses de Brasil, Chile, Colombia, Ecuador, Paraguay, Per\u00fa y Argentina (ver <a href=\"http:\/\/www.redsufica.org\/\">http:\/\/www.redsufica.org\/<\/a>). Esta se form\u00f3 en 2013 con la firma del acuerdo entre los pa\u00edses en Santiago de Chile.<\/div>\n<div style=\"text-align: justify;\">&nbsp;<\/div>\n<div style=\"text-align: justify;\">Esta Red surge con el objetivo de mejorar la fiscalizaci\u00f3n y el cumplimiento ambiental en todo Sudam\u00e9rica, ratificando el compromiso de avanzar en la labor de protecci\u00f3n del ambiente en la regi\u00f3n, a trav\u00e9s del fortalecimiento &nbsp;del rol de los organismos involucrados en la fiscalizaci\u00f3n y cumplimiento ambiental.<\/div>\n<div style=\"text-align: justify;\">&nbsp;<\/div>\n<div style=\"text-align: justify;\">Durante la cuarta reuni\u00f3n de trabajo, se presentaron los principales resultados de las actividades realizadas por los pa\u00edses integrantes de la red durante los \u00faltimos tres a\u00f1os, insumos que fueron considerados en la reuni\u00f3n de planificaci\u00f3n para el desarrollo de actividades y acciones durante el a\u00f1o 2017.<\/div>\n<div style=\"text-align: justify;\">&nbsp;<\/div>\n<div style=\"text-align: justify;\">Adicionalmente, durante el evento, se realiz\u00f3 el traspaso de la presidencia pro-tempore de la red, para el periodo noviembre 2016- noviembre 2017, siendo el Instituto Brasile\u00f1o del Medio Ambiente y Recursos Naturales de Brasil (IBAMA), el nuevo organismo coordinador. En el mismo contexto, durante la actividad se incorpor\u00f3 a la red el Ministerio de Ambiente y Desarrollo Sustentable de la Rep\u00fablica de Argentina, representado por la Secretar\u00eda de Control y Monitoreo Ambiental.<\/div>\n<div style=\"text-align: justify;\">&nbsp;<\/div>\n<div style=\"text-align: justify;\">Al finalizar la actividad, Cristi\u00e1n Franz, planteo la importancia del trabajo de la red a nivel latinoamericano, y esboz\u00f3 la necesidad de que la red cuente con una fuente de financiamiento constante, que permita promover las mejores pr\u00e1cticas en materia de fiscalizaci\u00f3n, promoci\u00f3n del cumplimiento y aplicaci\u00f3n del proceso sancionatorio. Por \u00faltimo, el Superintendente invit\u00f3 a los dem\u00e1s pa\u00edses de la regi\u00f3n \u201ca ser parte de la Red Sudamericana de Fiscalizaci\u00f3n y Cumplimiento Ambiental, que est\u00e1 viva, y en constante evoluci\u00f3n y perfeccionamiento\u201d.<\/div>\n<div style=\"text-align: justify;\">&nbsp;<\/div>\n","protected":false},"excerpt":{"rendered":"<p>En ciudad de Panam\u00e1, se desarroll\u00f3 el cuarto encuentro de la Red Sudamericana de Fiscalizaci\u00f3n y Cumplimiento Ambiental.<\/p>\n","protected":false},"author":3,"featured_media":16579,"comment_status":"open","ping_status":"open","sticky":false,"template":"","format":"standard","meta":{"footnotes":""},"categories":[94],"tags":[],"class_list":["post-16581","post","type-post","status-publish","format-standard","has-post-thumbnail","hentry","category-notas-noticias"],"_links":{"self":[{"href":"https:\/\/portal.sma.gob.cl\/index.php\/wp-json\/wp\/v2\/posts\/16581","targetHints":{"allow":["GET"]}}],"collection":[{"href":"https:\/\/portal.sma.gob.cl\/index.php\/wp-json\/wp\/v2\/posts"}],"about":[{"href":"https:\/\/portal.sma.gob.cl\/index.php\/wp-json\/wp\/v2\/types\/post"}],"author":[{"embeddable":true,"href":"https:\/\/portal.sma.gob.cl\/index.php\/wp-json\/wp\/v2\/users\/3"}],"replies":[{"embeddable":true,"href":"https:\/\/portal.sma.gob.cl\/index.php\/wp-json\/wp\/v2\/comments?post=16581"}],"version-history":[{"count":0,"href":"https:\/\/portal.sma.gob.cl\/index.php\/wp-json\/wp\/v2\/posts\/16581\/revisions"}],"wp:featuredmedia":[{"embeddable":true,"href":"https:\/\/portal.sma.gob.cl\/index.php\/wp-json\/wp\/v2\/media\/16579"}],"wp:attachment":[{"href":"https:\/\/portal.sma.gob.cl\/index.php\/wp-json\/wp\/v2\/media?parent=16581"}],"wp:term":[{"taxonomy":"category","embeddable":true,"href":"https:\/\/portal.sma.gob.cl\/index.php\/wp-json\/wp\/v2\/categories?post=16581"},{"taxonomy":"post_tag","embeddable":true,"href":"https:\/\/portal.sma.gob.cl\/index.php\/wp-json\/wp\/v2\/tags?post=16581"}],"curies":[{"name":"wp","href":"https:\/\/api.w.org\/{rel}","templated":true}]}}