{"id":16586,"date":"2016-11-23T18:54:52","date_gmt":"2016-11-23T18:54:52","guid":{"rendered":"https:\/\/portal.sma.gob.cl\/index.php\/2016\/11\/23\/sma-y-servicios-publicos-programan-fiscalizaciones-para-el-ano-2017\/"},"modified":"2016-11-23T18:54:52","modified_gmt":"2016-11-23T18:54:52","slug":"sma-y-servicios-publicos-programan-fiscalizaciones-para-el-ano-2017","status":"publish","type":"post","link":"https:\/\/portal.sma.gob.cl\/index.php\/sma-y-servicios-publicos-programan-fiscalizaciones-para-el-ano-2017\/","title":{"rendered":"SMA y Servicios P\u00fablicos programan fiscalizaciones para el a\u00f1o 2017"},"content":{"rendered":"<div style=\"text-align: justify;\"><strong><img decoding=\"async\" class=\"size-auto size-full wp-image-16585\" src=\"https:\/\/portal.sma.gob.cl\/wp-content\/uploads\/2016\/11\/Nota_Impuesto_verdes_2017.jpg\" alt=\"Nota Impuesto verdes 2017\" width=\"760\" height=\"360\" srcset=\"https:\/\/portal.sma.gob.cl\/wp-content\/uploads\/2016\/11\/Nota_Impuesto_verdes_2017-200x95.jpg 200w, https:\/\/portal.sma.gob.cl\/wp-content\/uploads\/2016\/11\/Nota_Impuesto_verdes_2017-300x142.jpg 300w, https:\/\/portal.sma.gob.cl\/wp-content\/uploads\/2016\/11\/Nota_Impuesto_verdes_2017-400x189.jpg 400w, https:\/\/portal.sma.gob.cl\/wp-content\/uploads\/2016\/11\/Nota_Impuesto_verdes_2017-600x284.jpg 600w, https:\/\/portal.sma.gob.cl\/wp-content\/uploads\/2016\/11\/Nota_Impuesto_verdes_2017.jpg 760w\" sizes=\"(max-width: 760px) 100vw, 760px\" \/><\/strong><\/div>\n<div style=\"text-align: justify;\"><strong>En el marco de la planificaci\u00f3n anual de los Programas y Subprogramas de Fiscalizaci\u00f3n Ambiental, los niveles centrales de los 16 organismos que forman parte de la RENFA, validan y organizan la informaci\u00f3n recopilada en regiones.<\/strong><\/div>\n<div style=\"text-align: justify;\"><strong>&nbsp;<\/strong><\/div>\n<p>  <!--more-->  <\/p>\n<div style=\"text-align: justify;\"><strong>Santiago, 23 de noviembre de 2016<\/strong>. Durante toda la semana, la Superintendencia del Medio Ambiente (SMA) se reunir\u00e1 con representantes de los niveles centrales de los 16 servicios p\u00fablicos integrantes de la Red Nacional de Fiscalizaci\u00f3n Ambiental (RENFA), con el objetivo de coordinar las acciones de fiscalizaci\u00f3n ambiental, en el marco de los Programas y Subprogramas de Fiscalizaci\u00f3n de la SMA para el a\u00f1o 2017.<\/div>\n<div style=\"text-align: justify;\">&nbsp;<\/div>\n<div style=\"text-align: justify;\">El dise\u00f1o y ejecuci\u00f3n de los Programas y Subprogramas de Fiscalizaci\u00f3n Ambiental es parte esencial del trabajo de la SMA, pues busca priorizar los recursos que se destinan anualmente a las actividades de fiscalizaci\u00f3n que ejecutan profesionales de la SMA y de los servicios p\u00fablicos con competencia ambiental que forman parte de la RENFA. &nbsp;<\/div>\n<div style=\"text-align: justify;\">&nbsp;<\/div>\n<div style=\"text-align: justify;\">Durante el mes de octubre se llevaron a cabo reuniones a nivel regional a lo largo del pa\u00eds, encabezadas por los jefes regionales de la SMA y profesionales de los servicios p\u00fablicos de la RENFA. El objetivo de las reuniones, &nbsp;es &nbsp;validar las necesidades de las regiones, con la finalidad de tener una mirada pa\u00eds, considerando los recursos que se dispondr\u00e1n por parte de cada servicio y las prioridades nacionales respecto de los proyectos que generan m\u00e1s impacto al medio ambiente y la salud de las personas, desde la perspectiva del an\u00e1lisis de riesgo.<\/div>\n","protected":false},"excerpt":{"rendered":"<p>En el marco de la planificaci\u00f3n anual de los Programas y Subprogramas de Fiscalizaci\u00f3n Ambiental, los niveles centrales de los 16 organismos que forman parte de la RENFA, validan y organizan la informaci\u00f3n recopilada en regiones. &nbsp;<\/p>\n","protected":false},"author":3,"featured_media":16585,"comment_status":"open","ping_status":"open","sticky":false,"template":"","format":"standard","meta":{"footnotes":""},"categories":[94],"tags":[],"class_list":["post-16586","post","type-post","status-publish","format-standard","has-post-thumbnail","hentry","category-notas-noticias"],"_links":{"self":[{"href":"https:\/\/portal.sma.gob.cl\/index.php\/wp-json\/wp\/v2\/posts\/16586","targetHints":{"allow":["GET"]}}],"collection":[{"href":"https:\/\/portal.sma.gob.cl\/index.php\/wp-json\/wp\/v2\/posts"}],"about":[{"href":"https:\/\/portal.sma.gob.cl\/index.php\/wp-json\/wp\/v2\/types\/post"}],"author":[{"embeddable":true,"href":"https:\/\/portal.sma.gob.cl\/index.php\/wp-json\/wp\/v2\/users\/3"}],"replies":[{"embeddable":true,"href":"https:\/\/portal.sma.gob.cl\/index.php\/wp-json\/wp\/v2\/comments?post=16586"}],"version-history":[{"count":0,"href":"https:\/\/portal.sma.gob.cl\/index.php\/wp-json\/wp\/v2\/posts\/16586\/revisions"}],"wp:featuredmedia":[{"embeddable":true,"href":"https:\/\/portal.sma.gob.cl\/index.php\/wp-json\/wp\/v2\/media\/16585"}],"wp:attachment":[{"href":"https:\/\/portal.sma.gob.cl\/index.php\/wp-json\/wp\/v2\/media?parent=16586"}],"wp:term":[{"taxonomy":"category","embeddable":true,"href":"https:\/\/portal.sma.gob.cl\/index.php\/wp-json\/wp\/v2\/categories?post=16586"},{"taxonomy":"post_tag","embeddable":true,"href":"https:\/\/portal.sma.gob.cl\/index.php\/wp-json\/wp\/v2\/tags?post=16586"}],"curies":[{"name":"wp","href":"https:\/\/api.w.org\/{rel}","templated":true}]}}