{"id":16587,"date":"2016-11-24T09:40:00","date_gmt":"2016-11-24T09:40:00","guid":{"rendered":"https:\/\/portal.sma.gob.cl\/index.php\/2016\/11\/24\/sma-taller-de-impuestos-verdes\/"},"modified":"2016-11-24T09:40:00","modified_gmt":"2016-11-24T09:40:00","slug":"sma-taller-de-impuestos-verdes","status":"publish","type":"post","link":"https:\/\/portal.sma.gob.cl\/index.php\/sma-taller-de-impuestos-verdes\/","title":{"rendered":"SMA organiza Taller Instructivo para la Cuantificaci\u00f3n de Emisiones"},"content":{"rendered":"<p><strong><img decoding=\"async\" class=\"size-auto size-full wp-image-16506\" src=\"https:\/\/portal.sma.gob.cl\/wp-content\/uploads\/2016\/09\/nota_impuestos.png\" alt=\"nota impuestos\" width=\"760\" height=\"360\" \/><\/strong><\/p>\n<p><strong>El viernes 2 de diciembre se llevar\u00e1 a cabo la actividad en el Hotel Plaza San Francisco. \u00a1CUPOS AGOTADOS!<\/strong><\/p>\n<p>  <!--more-->  <\/p>\n<p><strong>Santiago, 24 de noviembrede 2016.<\/strong> En el marco del proceso de implementaci\u00f3n de los impuestos verdes asociados a las emisiones atmosf\u00e9ricas de fuentes fijas, la Superintendencia del Medio Ambiente (SMA) ha programado un Taller Instructivo para la Cuantificaci\u00f3n de Emisiones,&nbsp;orientado a titulares de establecimientos industriales potencialmente afectos al impuesto a las emisiones atmosf\u00e9ricas fijas establecido en el art\u00edculo 8\u00b0 de la Ley 20.780.<\/p>\n<p>En dicha instancia se desarrollar\u00e1n los aspectos administrativos y t\u00e9cnicos para la cuantificaci\u00f3n de las emisiones de establecimientos afectos al impuesto, contenidos en el <a href=\"index.php\/noticias\/notas\/747-sma-publica-instructivo-para-la-cuantificacion-de-emisiones-de-fuentes-fijas-afectas-a-reforma-tributaria-impuestos-verdes\">Instructivo aprobado por la Superintendencia el d\u00eda 14 de noviembre de 2016.<\/a><\/p>\n<p><strong>*CUPOS AGOTADOS*<\/strong><\/p>\n<p>El programa del taller se puede descargar en el siguiente link:&nbsp;<a class=\"doclink\" href=\"index.php?option=com_docman&amp;task=doc_download&amp;gid=505&amp;Itemid=280\"><img decoding=\"async\" class=\" size-full wp-image-15480\" src=\"https:\/\/portal.sma.gob.cl\/wp-content\/uploads\/2012\/07\/pdf.png\" alt=\"icon\" border=\"0\" width=\"16\" height=\"16\" \/>&nbsp;Programa Taller Cuantificaci\u00f3n de Emisiones (2\/12\/2016)<\/a><\/p>\n","protected":false},"excerpt":{"rendered":"<p>El viernes 2 de diciembre se llevar\u00e1 a cabo la actividad en el Hotel Plaza San Francisco. \u00a1CUPOS AGOTADOS!<\/p>\n","protected":false},"author":3,"featured_media":16506,"comment_status":"open","ping_status":"open","sticky":false,"template":"","format":"standard","meta":{"footnotes":""},"categories":[94],"tags":[],"class_list":["post-16587","post","type-post","status-publish","format-standard","has-post-thumbnail","hentry","category-notas-noticias"],"_links":{"self":[{"href":"https:\/\/portal.sma.gob.cl\/index.php\/wp-json\/wp\/v2\/posts\/16587","targetHints":{"allow":["GET"]}}],"collection":[{"href":"https:\/\/portal.sma.gob.cl\/index.php\/wp-json\/wp\/v2\/posts"}],"about":[{"href":"https:\/\/portal.sma.gob.cl\/index.php\/wp-json\/wp\/v2\/types\/post"}],"author":[{"embeddable":true,"href":"https:\/\/portal.sma.gob.cl\/index.php\/wp-json\/wp\/v2\/users\/3"}],"replies":[{"embeddable":true,"href":"https:\/\/portal.sma.gob.cl\/index.php\/wp-json\/wp\/v2\/comments?post=16587"}],"version-history":[{"count":0,"href":"https:\/\/portal.sma.gob.cl\/index.php\/wp-json\/wp\/v2\/posts\/16587\/revisions"}],"wp:featuredmedia":[{"embeddable":true,"href":"https:\/\/portal.sma.gob.cl\/index.php\/wp-json\/wp\/v2\/media\/16506"}],"wp:attachment":[{"href":"https:\/\/portal.sma.gob.cl\/index.php\/wp-json\/wp\/v2\/media?parent=16587"}],"wp:term":[{"taxonomy":"category","embeddable":true,"href":"https:\/\/portal.sma.gob.cl\/index.php\/wp-json\/wp\/v2\/categories?post=16587"},{"taxonomy":"post_tag","embeddable":true,"href":"https:\/\/portal.sma.gob.cl\/index.php\/wp-json\/wp\/v2\/tags?post=16587"}],"curies":[{"name":"wp","href":"https:\/\/api.w.org\/{rel}","templated":true}]}}