{"id":16594,"date":"2016-11-28T17:14:00","date_gmt":"2016-11-28T17:14:00","guid":{"rendered":"https:\/\/portal.sma.gob.cl\/index.php\/2016\/11\/28\/encuentros-promocion-al-cumplimiento-2016\/"},"modified":"2016-11-28T17:14:00","modified_gmt":"2016-11-28T17:14:00","slug":"encuentros-promocion-al-cumplimiento-2016","status":"publish","type":"post","link":"https:\/\/portal.sma.gob.cl\/index.php\/encuentros-promocion-al-cumplimiento-2016\/","title":{"rendered":"SMA realiza ciclo de talleres de promoci\u00f3n al cumplimiento"},"content":{"rendered":"<p style=\"text-align: justify;\"><img decoding=\"async\" class=\"size-auto size-full wp-image-16593\" src=\"https:\/\/portal.sma.gob.cl\/wp-content\/uploads\/2016\/11\/nota-taller.png\" alt=\"nota-taller\" width=\"761\" height=\"361\" srcset=\"https:\/\/portal.sma.gob.cl\/wp-content\/uploads\/2016\/11\/nota-taller-200x95.png 200w, https:\/\/portal.sma.gob.cl\/wp-content\/uploads\/2016\/11\/nota-taller-300x142.png 300w, https:\/\/portal.sma.gob.cl\/wp-content\/uploads\/2016\/11\/nota-taller-400x190.png 400w, https:\/\/portal.sma.gob.cl\/wp-content\/uploads\/2016\/11\/nota-taller-600x285.png 600w, https:\/\/portal.sma.gob.cl\/wp-content\/uploads\/2016\/11\/nota-taller.png 761w\" sizes=\"(max-width: 761px) 100vw, 761px\" \/><\/p>\n<p style=\"text-align: justify;\"><strong>Los talleres tienen como objetivo principal promover e incentivar el cumplimiento ambiental, as\u00ed como asistir a sus regulados para orientarlos en la comprensi\u00f3n de sus obligaciones ambientales. Se realizar\u00e1n en las regiones de Antofagasta, Biob\u00edo y Los Lagos.<\/strong><\/p>\n<p>  <!--more-->  <\/p>\n<p style=\"text-align: justify;\"><strong>Santiago, 28 de noviembre de 2016.&nbsp;<\/strong>La SMA en su constante rol de promoci\u00f3n al cumplimiento, informa a la comunidad regulada que efectuar\u00e1 el \u00faltimo ciclo de talleres del a\u00f1o 2016, enfocados a titulares de los rubros Mineros, Energ\u00e9ticos y de Pesca y Acuicultura.<\/p>\n<p>Este ciclo de talleres estar\u00e1 enfocado en presentar los resultados del an\u00e1lisis del trabajo de sistematizaci\u00f3n de Hallazgos Ambientales para el periodo 2013 a 2015, realizado por la Divisi\u00f3n de Fiscalizaci\u00f3n, junto con otros aspectos normativos relevantes para cada uno de los sectores regulados.<\/p>\n<p>En Antofagasta, dirigido al sector minero el taller estar\u00e1 enfocado en dar conocer directrices generales y espec\u00edficas dictadas por la SMA. En Concepci\u00f3n el taller est\u00e1 orientado fuertemente a dar conocer aspectos normativos relacionados con Termoel\u00e9ctricas y la aplicaci\u00f3n de los nuevos protocolos de Impuestos Verdes; y por \u00faltimo en Puerto Montt, el taller estar\u00e1 orientado a difundir aspectos relacionados con las Entidades T\u00e9cnicas de Fiscalizaci\u00f3n Ambiental.<\/p>\n<p>Los cupos a estos eventos son limitados y requieren inscripci\u00f3n previa a los contactos que se indican a continuaci\u00f3n.<\/p>\n<table style=\"background-image: initial; background-position: initial; background-repeat: initial; background-attachment: initial; border-collapse: collapse; height: 295px; width: 782px;\" border=\"0\" cellspacing=\"0\" cellpadding=\"0\">\n<tbody>\n<tr>\n<td style=\"width: 84.65pt; border: 1pt solid windowtext; padding: 0cm 5.4pt;\" valign=\"top\" width=\"113\">\n<p style=\"margin-bottom: 0.0001pt; text-align: justify; line-height: normal;\"><span style=\"color: #4472c4;\">Fecha y Lugar<\/span><\/p>\n<\/td>\n<td style=\"width: 136.05pt; border-top: 1pt solid windowtext; border-right: 1pt solid windowtext; border-bottom: 1pt solid windowtext; border-left: none; padding: 0cm 5.4pt;\" valign=\"top\" width=\"181\">\n<p style=\"margin-bottom: 0.0001pt; text-align: justify; line-height: normal;\"><span style=\"color: #4472c4;\">P\u00fablico objetivo<\/span><\/p>\n<\/td>\n<td style=\"width: 156.1pt; border-top: 1pt solid windowtext; border-right: 1pt solid windowtext; border-bottom: 1pt solid windowtext; border-left: none; padding: 0cm 5.4pt;\" valign=\"top\" width=\"208\">\n<p style=\"margin-bottom: 0.0001pt; text-align: justify; line-height: normal;\"><span style=\"color: #4472c4;\">Contacto e inscripciones<\/span><\/p>\n<\/td>\n<td style=\"width: 127.6pt; border-top: 1pt solid windowtext; border-right: 1pt solid windowtext; border-bottom: 1pt solid windowtext; border-left: none; padding: 0cm 5.4pt;\" valign=\"top\" width=\"170\">\n<p style=\"margin-bottom: 0.0001pt; text-align: justify; line-height: normal;\"><span style=\"color: #4472c4;\">Programa del taller<\/span><\/p>\n<\/td>\n<\/tr>\n<tr>\n<td style=\"width: 84.65pt; border-right: 1pt solid windowtext; border-bottom: 1pt solid windowtext; border-left: 1pt solid windowtext; border-top: none; padding: 0cm 5.4pt;\" valign=\"top\" width=\"113\">\n<p style=\"margin-bottom: 0.0001pt; text-align: justify; line-height: normal;\"><span style=\"color: #4472c4;\">06 de diciembre de 2016<\/span><\/p>\n<p style=\"margin-bottom: 0.0001pt; text-align: justify; line-height: normal;\"><span style=\"color: #4472c4;\">Hotel Diego de Almagro, Chacabuco 156, Concepci\u00f3n<\/span><\/p>\n<\/td>\n<td style=\"width: 136.05pt; border-top: none; border-left: none; border-bottom: 1pt solid windowtext; border-right: 1pt solid windowtext; padding: 0cm 5.4pt;\" valign=\"top\" width=\"181\">\n<p style=\"margin-bottom: 0.0001pt; text-align: justify; line-height: normal;\"><strong><span style=\"color: #4472c4;\">Titulares del Sector Energ\u00eda<\/span><\/strong><\/p>\n<p style=\"margin-bottom: 0.0001pt; text-align: justify; line-height: normal;\"><span style=\"color: #4472c4;\">Organismos P\u00fablicos y sociedad civil vinculada al sector.<\/span><\/p>\n<\/td>\n<td style=\"width: 156.1pt; border-top: none; border-left: none; border-bottom: 1pt solid windowtext; border-right: 1pt solid windowtext; padding: 0cm 5.4pt;\" valign=\"top\" width=\"208\">\n<p style=\"margin-bottom: 0.0001pt; text-align: justify; line-height: normal;\"><span style=\"color: #4472c4;\"><a href=\"mailto:victoria.nahuelpan@sma.gob.cl\">victoria.nahuelpan@sma.gob.cl<\/a><\/span><\/p>\n<\/td>\n<td style=\"width: 127.6pt; border-top: none; border-left: none; border-bottom: 1pt solid windowtext; border-right: 1pt solid windowtext; padding: 0cm 5.4pt;\" valign=\"top\" width=\"170\">\n<p style=\"margin-bottom: 0.0001pt; text-align: justify; line-height: normal;\"><span style=\"color: #4472c4;\">&nbsp;<a class=\"doclink\" href=\"index.php?option=com_docman&amp;task=doc_download&amp;gid=509&amp;Itemid=280\"><img decoding=\"async\" class=\" size-full wp-image-15480\" src=\"https:\/\/portal.sma.gob.cl\/wp-content\/uploads\/2012\/07\/pdf.png\" alt=\"icon\" border=\"0\" width=\"16\" height=\"16\" \/>&nbsp;Taller Concepci\u00f3n-Energ\u00eda<\/a><\/span><\/p>\n<\/td>\n<\/tr>\n<tr>\n<td style=\"width: 84.65pt; border-right: 1pt solid windowtext; border-bottom: 1pt solid windowtext; border-left: 1pt solid windowtext; border-top: none; padding: 0cm 5.4pt;\" valign=\"top\" width=\"113\">\n<p style=\"margin-bottom: 0.0001pt; text-align: justify; line-height: normal;\"><span style=\"color: #4472c4;\">13 de diciembre de 2016.<\/span><\/p>\n<p style=\"margin-bottom: 0.0001pt; text-align: justify; line-height: normal;\"><span style=\"color: #4472c4;\">Hotel Gran Pacifico de Puerto Montt, Urmeneta # 719<\/span><\/p>\n<\/td>\n<td style=\"width: 136.05pt; border-top: none; border-left: none; border-bottom: 1pt solid windowtext; border-right: 1pt solid windowtext; padding: 0cm 5.4pt;\" valign=\"top\" width=\"181\">\n<p style=\"margin-bottom: 0.0001pt; text-align: justify; line-height: normal;\"><strong><span style=\"color: #4472c4;\">Titulares del Sector Pesca y Acuicultura<\/span><\/strong><\/p>\n<p style=\"margin-bottom: 0.0001pt; text-align: justify; line-height: normal;\"><span style=\"color: #4472c4;\">Organismos P\u00fablicos y sociedad civil vinculada al sector.<\/span><\/p>\n<\/td>\n<td style=\"width: 156.1pt; border-top: none; border-left: none; border-bottom: 1pt solid windowtext; border-right: 1pt solid windowtext; padding: 0cm 5.4pt;\" valign=\"top\" width=\"208\">\n<p style=\"margin-bottom: 0.0001pt; text-align: justify; line-height: normal;\"><span style=\"color: #4472c4;\"><a href=\"mailto:maria.reyes@sma.gob.cl\">maria.reyes@sma.gob.cl<\/a><\/span><\/p>\n<\/td>\n<td style=\"width: 127.6pt; border-top: none; border-left: none; border-bottom: 1pt solid windowtext; border-right: 1pt solid windowtext; padding: 0cm 5.4pt;\" valign=\"top\" width=\"170\">\n<p style=\"margin-bottom: 0.0001pt; text-align: justify; line-height: normal;\"><span style=\"color: #4472c4;\">&nbsp;<a class=\"doclink\" href=\"index.php?option=com_docman&amp;task=doc_download&amp;gid=513&amp;Itemid=280\"><img decoding=\"async\" class=\" size-full wp-image-15480\" src=\"https:\/\/portal.sma.gob.cl\/wp-content\/uploads\/2012\/07\/pdf.png\" alt=\"icon\" border=\"0\" width=\"16\" height=\"16\" \/>&nbsp;Taller Puerto Montt-Pesca y Acuicultura<\/a><\/span><\/p>\n<\/td>\n<\/tr>\n<tr>\n<td style=\"width: 84.65pt; border-right: 1pt solid windowtext; border-bottom: 1pt solid windowtext; border-left: 1pt solid windowtext; border-top: none; padding: 0cm 5.4pt;\" valign=\"top\" width=\"113\">\n<p style=\"margin-bottom: 0.0001pt; text-align: justify; line-height: normal;\"><span style=\"color: #4472c4;\">15 Diciembre de 2016<\/span><\/p>\n<p style=\"margin-bottom: 0.0001pt; text-align: justify; line-height: normal;\"><span style=\"color: #4472c4;\">Hotel Panamericano de Antofagasta, Balmaceda # 2575.<\/span><\/p>\n<p style=\"margin-bottom: 0.0001pt; text-align: justify; line-height: normal;\"><span style=\"color: #4472c4;\">&nbsp;<\/span><\/p>\n<\/td>\n<td style=\"width: 136.05pt; border-top: none; border-left: none; border-bottom: 1pt solid windowtext; border-right: 1pt solid windowtext; padding: 0cm 5.4pt;\" valign=\"top\" width=\"181\">\n<p style=\"margin-bottom: 0.0001pt; text-align: justify; line-height: normal;\"><strong><span style=\"color: #4472c4;\" data-mce-mark=\"1\">Titulares del Sector Minero<\/span><\/strong><\/p>\n<p style=\"margin-bottom: 0.0001pt; text-align: justify; line-height: normal;\"><span style=\"color: #4472c4;\" data-mce-mark=\"1\">Organismos P\u00fablicos y sociedad civil vinculada al sector.<\/span><\/p>\n<\/td>\n<td style=\"width: 156.1pt; border-top: none; border-left: none; border-bottom: 1pt solid windowtext; border-right: 1pt solid windowtext; padding: 0cm 5.4pt;\" valign=\"top\" width=\"208\">\n<p style=\"margin-bottom: 0.0001pt; text-align: justify; line-height: normal;\"><span style=\"color: #4472c4;\"><a href=\"mailto:claudia.faundes@sma.gob.cl\">claudia.faundes@sma.gob.cl<\/a><\/span><\/p>\n<\/td>\n<td style=\"width: 127.6pt; border-top: none; border-left: none; border-bottom: 1pt solid windowtext; border-right: 1pt solid windowtext; padding: 0cm 5.4pt;\" valign=\"top\" width=\"170\">\n<p style=\"margin-bottom: 0.0001pt; text-align: justify; line-height: normal;\"><span style=\"color: #4472c4;\">&nbsp;<a class=\"doclink\" href=\"index.php?option=com_docman&amp;task=doc_download&amp;gid=508&amp;Itemid=280\"><img decoding=\"async\" class=\" size-full wp-image-15480\" src=\"https:\/\/portal.sma.gob.cl\/wp-content\/uploads\/2012\/07\/pdf.png\" alt=\"icon\" border=\"0\" width=\"16\" height=\"16\" \/>&nbsp;Taller Antofagasta-Miner\u00eda<\/a><\/span><\/p>\n<\/td>\n<\/tr>\n<\/tbody>\n<\/table>\n","protected":false},"excerpt":{"rendered":"<p>Los talleres tienen como objetivo principal promover e incentivar el cumplimiento ambiental, as\u00ed como asistir a sus regulados para orientarlos en la comprensi\u00f3n de sus obligaciones ambientales. Se realizar\u00e1n en las regiones de Antofagasta, Biob\u00edo y Los Lagos.<\/p>\n","protected":false},"author":3,"featured_media":16592,"comment_status":"open","ping_status":"open","sticky":false,"template":"","format":"standard","meta":{"footnotes":""},"categories":[94],"tags":[],"class_list":["post-16594","post","type-post","status-publish","format-standard","has-post-thumbnail","hentry","category-notas-noticias"],"_links":{"self":[{"href":"https:\/\/portal.sma.gob.cl\/index.php\/wp-json\/wp\/v2\/posts\/16594","targetHints":{"allow":["GET"]}}],"collection":[{"href":"https:\/\/portal.sma.gob.cl\/index.php\/wp-json\/wp\/v2\/posts"}],"about":[{"href":"https:\/\/portal.sma.gob.cl\/index.php\/wp-json\/wp\/v2\/types\/post"}],"author":[{"embeddable":true,"href":"https:\/\/portal.sma.gob.cl\/index.php\/wp-json\/wp\/v2\/users\/3"}],"replies":[{"embeddable":true,"href":"https:\/\/portal.sma.gob.cl\/index.php\/wp-json\/wp\/v2\/comments?post=16594"}],"version-history":[{"count":0,"href":"https:\/\/portal.sma.gob.cl\/index.php\/wp-json\/wp\/v2\/posts\/16594\/revisions"}],"wp:featuredmedia":[{"embeddable":true,"href":"https:\/\/portal.sma.gob.cl\/index.php\/wp-json\/wp\/v2\/media\/16592"}],"wp:attachment":[{"href":"https:\/\/portal.sma.gob.cl\/index.php\/wp-json\/wp\/v2\/media?parent=16594"}],"wp:term":[{"taxonomy":"category","embeddable":true,"href":"https:\/\/portal.sma.gob.cl\/index.php\/wp-json\/wp\/v2\/categories?post=16594"},{"taxonomy":"post_tag","embeddable":true,"href":"https:\/\/portal.sma.gob.cl\/index.php\/wp-json\/wp\/v2\/tags?post=16594"}],"curies":[{"name":"wp","href":"https:\/\/api.w.org\/{rel}","templated":true}]}}