{"id":16596,"date":"2016-11-30T14:54:13","date_gmt":"2016-11-30T14:54:13","guid":{"rendered":"https:\/\/portal.sma.gob.cl\/index.php\/2016\/11\/30\/sma-inicia-proceso-de-sancion-contra-minera-montecarmelo-de-puchuncavi-por-incumplimientos-ambientales\/"},"modified":"2016-11-30T14:54:13","modified_gmt":"2016-11-30T14:54:13","slug":"sma-inicia-proceso-de-sancion-contra-minera-montecarmelo-de-puchuncavi-por-incumplimientos-ambientales","status":"publish","type":"post","link":"https:\/\/portal.sma.gob.cl\/index.php\/sma-inicia-proceso-de-sancion-contra-minera-montecarmelo-de-puchuncavi-por-incumplimientos-ambientales\/","title":{"rendered":"SMA inicia proceso de sanci\u00f3n contra Minera Montecarmelo de Puchuncav\u00ed por incumplimientos ambientales"},"content":{"rendered":"<div style=\"text-align: justify;\"><img decoding=\"async\" class=\"size-auto size-full wp-image-16595\" src=\"https:\/\/portal.sma.gob.cl\/wp-content\/uploads\/2016\/11\/Comunicado_MonteCarmelo.jpg\" alt=\"Comunicado MonteCarmelo\" width=\"760\" height=\"360\" srcset=\"https:\/\/portal.sma.gob.cl\/wp-content\/uploads\/2016\/11\/Comunicado_MonteCarmelo-200x95.jpg 200w, https:\/\/portal.sma.gob.cl\/wp-content\/uploads\/2016\/11\/Comunicado_MonteCarmelo-300x142.jpg 300w, https:\/\/portal.sma.gob.cl\/wp-content\/uploads\/2016\/11\/Comunicado_MonteCarmelo-400x189.jpg 400w, https:\/\/portal.sma.gob.cl\/wp-content\/uploads\/2016\/11\/Comunicado_MonteCarmelo-600x284.jpg 600w, https:\/\/portal.sma.gob.cl\/wp-content\/uploads\/2016\/11\/Comunicado_MonteCarmelo.jpg 760w\" sizes=\"(max-width: 760px) 100vw, 760px\" \/><\/div>\n<div style=\"text-align: justify;\"><strong>La Superintendencia del Medio Ambiente (SMA) en conjunto con la Seremi de Salud de Valpara\u00edso, detectaron distintos incumplimientos ambientales en la Planta ubicada en el sector Los Maitenes de la comuna de Puchuncav\u00ed. Adicionalmente, se solicita a la empresa adoptar medidas provisionales de reparaci\u00f3n y monitoreo.&nbsp;<\/strong><\/div>\n<p>  <!--more-->  <\/p>\n<div style=\"text-align: justify;\">&nbsp;<\/div>\n<div style=\"text-align: justify;\"><strong style=\"font-size: 12.16px;\">Santiago, 30 de noviembre de 2016.<\/strong> La Superintendencia del Medio Ambiente (SMA) procedi\u00f3 a formular cargos en contra de Minera Montecarmelo S.A., propietaria de una Planta de Procesamiento de Sales Met\u00e1licas, ubicada en el sector Los Maitenes, comuna de Puchuncav\u00ed, Regi\u00f3n de Valpara\u00edso, tras detectar una serie de incumplimientos ambientales, asociados principalmente a deficiencias en el manejo de residuos peligrosos, y en el sistema de canalizaci\u00f3n y conducci\u00f3n de aguas lluvias.<\/div>\n<div style=\"text-align: justify;\">&nbsp;<\/div>\n<div style=\"text-align: justify;\">El proyecto \u201cProcesamiento de Sales Met\u00e1licas\u201d consiste en el procesamiento de aproximadamente 20.000 toneladas en base seca de residuos s\u00f3lidos, resultantes del tratamiento de polvos provenientes de precipitadores electrost\u00e1ticos de la Planta de \u00c1cido de la Fundici\u00f3n y Refiner\u00eda Ventanas.<\/div>\n<div style=\"text-align: justify;\">&nbsp;<\/div>\n<div style=\"text-align: justify;\">Luego de realizar inspecciones en terreno en 2015 y 2016, por parte de profesionales de la SMA y de la Seremi de Salud de Valpara\u00edso, se constataron incumplimientos a su Resoluci\u00f3n de Calificaci\u00f3n Ambiental (RCA). Posteriormente, en julio de 2016, luego de recibir una denuncia por escurrimiento de residuos l\u00edquidos a un predio cercano, se realiz\u00f3 una nueva fiscalizaci\u00f3n.<\/div>\n<div style=\"text-align: justify;\">&nbsp;<\/div>\n<div style=\"text-align: justify;\">Con todos los antecedentes, y el an\u00e1lisis de informes ambientales, la SMA decidi\u00f3 formular cinco cargos contra Minera Montecarmelo, entre los que se encuentran:<\/div>\n<div style=\"text-align: justify;\">&nbsp;<\/div>\n<div style=\"text-align: justify;\">\u2022El almacenamiento de ripios lixiviados en un lugar distinto de aquel establecido en la resoluci\u00f3n de calificaci\u00f3n ambiental respectiva \u2013el cual no cumple con las caracter\u00edsticas de seguridad necesarias para ese fin-.<\/div>\n<div style=\"text-align: justify;\">&nbsp;<\/div>\n<div style=\"text-align: justify;\">\u2022Deficiencias en el manejo de residuos peligrosos \u2013consistentes, entre otras, en el almacenamiento de residuos en lugares no autorizados y en el incumplimiento de las condiciones de rotulaci\u00f3n de dichos residuos-;<\/div>\n<div style=\"text-align: justify;\">&nbsp;<\/div>\n<div style=\"text-align: justify;\">\u2022La existencia de un sistema de canalizaci\u00f3n y conducci\u00f3n de aguas lluvias no operativo \u2013lo cual con fecha 28 de julio de 2016 provoc\u00f3 un derrame de sustancias fuera del predio de Minera Montecarmelo S.A., afectando aproximadamente 10 hect\u00e1reas de predios aleda\u00f1os-;&nbsp;<\/div>\n<div style=\"text-align: justify;\">&nbsp;<\/div>\n<div style=\"text-align: justify;\">\u2022La no implementaci\u00f3n de las medidas de seguimiento contempladas en la RCA que regula la actividad, consistentes en monitoreo de aguas subterr\u00e1neas y caracterizaci\u00f3n &nbsp;qu\u00edmica del comp\u00f3sito mensual de ripio agotado.&nbsp;<\/div>\n<div style=\"text-align: justify;\">\u2022No haber sometido a evaluaci\u00f3n de impacto ambiental una modificaci\u00f3n de consideraci\u00f3n al proyecto ambientalmente aprobado, consistente en el procesamiento de residuos peligrosos distintos de aquellos contemplados en su resoluci\u00f3n de calificaci\u00f3n ambiental, consistentes en bater\u00edas de plomo.<\/div>\n<div style=\"text-align: justify;\">&nbsp;<\/div>\n<div style=\"text-align: justify;\">De las cinco infracciones, todas se clasifican como graves. De acuerdo a la Ley Org\u00e1nica de la SMA, estas podr\u00e1n ser objeto de multas hasta 5.000 UTA, incluyendo la posibilidad de clausura (temporal o definitiva) e incluso la revocaci\u00f3n de la RCA.<\/div>\n<div style=\"text-align: justify;\">Adicionalmente, en este caso se solicit\u00f3 a Minera Montecarmelo la adopci\u00f3n de medidas provisionales para evitar un riesgo de da\u00f1o al medio ambiente, las que deber\u00e1n ser reportadas dentro de 25 d\u00edas a la SMA. Entre ellas se encuentran: reparar y habilitar el sistema de recolecci\u00f3n y conducci\u00f3n de aguas lluvias de la planta de procesamiento de sales met\u00e1licas; informar a la SMA sobre todo tipo de residuos o materiales que recibe; retirar y disponer en lugares autorizados, todos aquellos residuos existentes en la planta, cuyo manejo no forme parte del proyecto \u201cProcesamiento de Sales Met\u00e1licas. Las medidas incluyen informes de monitoreo y an\u00e1lisis.<\/div>\n<div style=\"text-align: justify;\">&nbsp;<\/div>\n<div style=\"text-align: justify;\">Cabe recordar, que la formulaci\u00f3n de cargos es el inicio de un procedimiento sancionatorio por parte de la SMA. En tanto, la empresa podr\u00e1 optar a presentar un Programa de Cumplimiento &nbsp;dentro de 10 d\u00edas h\u00e1biles de plazo desde la notificaci\u00f3n de este acto. En caso que opte por no acogerse a dicho mecanismo, cuenta con un plazo de 15 d\u00edas para formular descargos ante esta Superintendencia.<\/div>\n<div style=\"text-align: justify;\">&nbsp;<\/div>\n<div style=\"text-align: justify;\">Para mayores detalles, acceder a la formulaci\u00f3n de cargos en <a href=\"http:\/\/snifa.sma.gob.cl\/v2\/UnidadFiscalizable\/Ficha\/1633\">http:\/<\/a><a href=\"http:\/\/snifa.sma.gob.cl\/v2\/UnidadFiscalizable\/Ficha\/1633\">\/snifa.sma.gob.cl\/v2\/UnidadFiscalizable\/Ficha\/1633&nbsp;<\/a><\/div>\n<div style=\"text-align: justify;\">&nbsp;<\/div>\n<div style=\"text-align: justify;\">\n<div>&#8212;&#8212;&#8212;&#8212;&#8212;&#8212;&#8212;&#8212;&#8212;&#8212;&#8212;&#8212;&#8212;&#8212;&#8212;&#8212;&#8212;&#8212;&#8212;&#8212;&#8212;&#8212;&#8212;&#8212;&#8212;&#8212;&#8212;&#8212;&#8212;&#8212;&#8212;&#8212;&#8212;&#8212;&#8212;&#8212;&#8212;&#8212;&#8212;&#8212;&#8212;&#8212;&#8212;&#8212;<\/div>\n<div><sup>&nbsp;1<\/sup> Programa de Cumplimiento: Es un plan de acciones y metas presentado por el infractor, para que dentro de un plazo fijado por la Superintendencia, el titular cumpla sus obligaciones ambientales. Si la SMA aprueba dicho programa, se pone fin al procedimiento sancionatorio. No obstante, si el titular no cumple con los compromisos establecidos en dicho programa, arriesga hasta el doble de la multa original.<\/div>\n<\/p><\/div>\n","protected":false},"excerpt":{"rendered":"<p>La Superintendencia del Medio Ambiente (SMA) en conjunto con la Seremi de Salud de Valpara\u00edso, detectaron distintos incumplimientos ambientales en la Planta ubicada en el sector Los Maitenes de la comuna de Puchuncav\u00ed. Adicionalmente, se solicita a la empresa adoptar medidas provisionales de reparaci\u00f3n y monitoreo.&nbsp;<\/p>\n","protected":false},"author":3,"featured_media":16595,"comment_status":"open","ping_status":"open","sticky":false,"template":"","format":"standard","meta":{"footnotes":""},"categories":[90],"tags":[],"class_list":["post-16596","post","type-post","status-publish","format-standard","has-post-thumbnail","hentry","category-comunicados-noticias"],"_links":{"self":[{"href":"https:\/\/portal.sma.gob.cl\/index.php\/wp-json\/wp\/v2\/posts\/16596","targetHints":{"allow":["GET"]}}],"collection":[{"href":"https:\/\/portal.sma.gob.cl\/index.php\/wp-json\/wp\/v2\/posts"}],"about":[{"href":"https:\/\/portal.sma.gob.cl\/index.php\/wp-json\/wp\/v2\/types\/post"}],"author":[{"embeddable":true,"href":"https:\/\/portal.sma.gob.cl\/index.php\/wp-json\/wp\/v2\/users\/3"}],"replies":[{"embeddable":true,"href":"https:\/\/portal.sma.gob.cl\/index.php\/wp-json\/wp\/v2\/comments?post=16596"}],"version-history":[{"count":0,"href":"https:\/\/portal.sma.gob.cl\/index.php\/wp-json\/wp\/v2\/posts\/16596\/revisions"}],"wp:featuredmedia":[{"embeddable":true,"href":"https:\/\/portal.sma.gob.cl\/index.php\/wp-json\/wp\/v2\/media\/16595"}],"wp:attachment":[{"href":"https:\/\/portal.sma.gob.cl\/index.php\/wp-json\/wp\/v2\/media?parent=16596"}],"wp:term":[{"taxonomy":"category","embeddable":true,"href":"https:\/\/portal.sma.gob.cl\/index.php\/wp-json\/wp\/v2\/categories?post=16596"},{"taxonomy":"post_tag","embeddable":true,"href":"https:\/\/portal.sma.gob.cl\/index.php\/wp-json\/wp\/v2\/tags?post=16596"}],"curies":[{"name":"wp","href":"https:\/\/api.w.org\/{rel}","templated":true}]}}