{"id":16598,"date":"2016-11-30T15:05:42","date_gmt":"2016-11-30T15:05:42","guid":{"rendered":"https:\/\/portal.sma.gob.cl\/index.php\/2016\/11\/30\/sma-formula-cargos-contra-municipalidad-de-valdivia-por-ruidos-del-parque-saval\/"},"modified":"2016-11-30T15:05:42","modified_gmt":"2016-11-30T15:05:42","slug":"sma-formula-cargos-contra-municipalidad-de-valdivia-por-ruidos-del-parque-saval","status":"publish","type":"post","link":"https:\/\/portal.sma.gob.cl\/index.php\/sma-formula-cargos-contra-municipalidad-de-valdivia-por-ruidos-del-parque-saval\/","title":{"rendered":"SMA formula cargos contra Municipalidad de Valdivia por ruidos del Parque Saval"},"content":{"rendered":"<div style=\"text-align: justify;\">&nbsp;<img decoding=\"async\" class=\"size-auto size-full wp-image-16597\" src=\"https:\/\/portal.sma.gob.cl\/wp-content\/uploads\/2016\/11\/Comunicado_Parque_Saval.jpg\" alt=\"Comunicado Parque Saval\" width=\"760\" height=\"360\" srcset=\"https:\/\/portal.sma.gob.cl\/wp-content\/uploads\/2016\/11\/Comunicado_Parque_Saval-200x95.jpg 200w, https:\/\/portal.sma.gob.cl\/wp-content\/uploads\/2016\/11\/Comunicado_Parque_Saval-300x142.jpg 300w, https:\/\/portal.sma.gob.cl\/wp-content\/uploads\/2016\/11\/Comunicado_Parque_Saval-400x189.jpg 400w, https:\/\/portal.sma.gob.cl\/wp-content\/uploads\/2016\/11\/Comunicado_Parque_Saval-600x284.jpg 600w, https:\/\/portal.sma.gob.cl\/wp-content\/uploads\/2016\/11\/Comunicado_Parque_Saval.jpg 760w\" sizes=\"(max-width: 760px) 100vw, 760px\" \/><\/div>\n<div style=\"text-align: justify;\"><strong>La Superintendencia del Medio Ambiente (SMA) monitore\u00f3 en terreno los ruidos provocados por las fondas de Fiestas Patrias y la Fiesta de la Cerveza.<\/strong><\/div>\n<p>  <!--more-->  <\/p>\n<div style=\"text-align: justify;\">&nbsp;<\/div>\n<div style=\"text-align: justify;\"><strong>Santiago, 30 de noviembre de 2016<\/strong>. La Superintendencia del Medio Ambiente (SMA) procedi\u00f3 a formular cargos en contra de la Ilustre Municipalidad de Valdivia debido a la superaci\u00f3n de los niveles m\u00e1ximos permisibles de presi\u00f3n sonora por eventos realizados en el Parque Saval, ubicado en la Comuna de Valdivia y que pertenece a dicha municipalidad.<\/div>\n<div style=\"text-align: justify;\">En dicho parque de propiedad municipal se realizan diversos eventos, conciertos y festividades, lo que han generado reclamos de los vecinos por a\u00f1os. La SMA desde su entrada en plenas funciones fiscaliza, entre otros, la norma de &nbsp; emisi\u00f3n de ruidos.&nbsp;<\/div>\n<div style=\"text-align: justify;\">&nbsp;<\/div>\n<div style=\"text-align: justify;\">En este caso realiz\u00f3 mediciones de ruidos con equipos especializados, tanto en el mes de septiembre como en octubre. El ruido es la primera causal de denuncia ante la SMA a nivel nacional representando m\u00e1s del 40% del total de denuncias.<\/div>\n<div style=\"text-align: justify;\">Cabe recordar, que la formulaci\u00f3n de cargos es el inicio de un procedimiento sancionatorio por parte de la SMA. En tanto, la empresa podr\u00e1 optar a presentar un Programa de Cumplimiento &nbsp;dentro de 10 d\u00edas h\u00e1biles de plazo desde la notificaci\u00f3n de este acto. En caso que opte por no acogerse a dicho mecanismo, cuenta con un plazo de 15 d\u00edas para formular descargos ante esta Superintendencia.<\/div>\n<div style=\"text-align: justify;\">&nbsp;<\/div>\n<div style=\"text-align: justify;\">Para mayores detalles, acceder a la formulaci\u00f3n de cargos en&nbsp;<a href=\"http:\/\/snifa.sma.gob.cl\/v2\/Sancionatorio\/Ficha\/1458\">http:\/\/snifa.sma.gob.cl\/v2\/Sancionatorio\/Ficha\/1458<\/a><\/div>\n<div style=\"text-align: justify;\">&nbsp; <\/p>\n<div>&nbsp;<span style=\"color: #333333; font-family: Tahoma, Helvetica, Arial, sans-serif; font-size: 12.16px;\"><span style=\"color: #333333; font-family: Tahoma, Helvetica, Arial, sans-serif; font-size: 12.16px;\">&#8212;&#8212;&#8212;&#8212;&#8212;&#8212;&#8212;&#8212;&#8212;&#8212;&#8212;&#8212;&#8212;&#8212;&#8212;&#8212;&#8212;&#8212;&#8212;&#8212;&#8212;&#8212;&#8212;&#8212;&#8212;&#8211;<\/span><\/span>&#8212;&#8212;&#8212;&#8212;&#8212;&#8212;&#8212;&#8212;&#8212;&#8212;&#8212;&#8212;&#8212;&#8212;&#8212;&#8212;&#8212;&#8212;&#8212;&#8212;&#8212;&#8212;&#8212;&#8211;<\/div>\n<\/p><\/div>\n<div style=\"text-align: justify;\"><sup>1<\/sup>Programa de Cumplimiento: Es un plan de acciones y metas presentado por el infractor, para que dentro de un plazo fijado por la Superintendencia, el titular cumpla sus obligaciones ambientales. Si la SMA aprueba dicho programa, se pone fin al procedimiento sancionatorio. No obstante, si el titular no cumple con los compromisos establecidos en dicho programa, arriesga hasta el doble de la multa original.<\/div>\n","protected":false},"excerpt":{"rendered":"<p>&nbsp; La Superintendencia del Medio Ambiente (SMA) monitore\u00f3 en terreno los ruidos provocados por las fondas de Fiestas Patrias y la Fiesta de la Cerveza.<\/p>\n","protected":false},"author":3,"featured_media":16597,"comment_status":"open","ping_status":"open","sticky":false,"template":"","format":"standard","meta":{"footnotes":""},"categories":[90],"tags":[],"class_list":["post-16598","post","type-post","status-publish","format-standard","has-post-thumbnail","hentry","category-comunicados-noticias"],"_links":{"self":[{"href":"https:\/\/portal.sma.gob.cl\/index.php\/wp-json\/wp\/v2\/posts\/16598","targetHints":{"allow":["GET"]}}],"collection":[{"href":"https:\/\/portal.sma.gob.cl\/index.php\/wp-json\/wp\/v2\/posts"}],"about":[{"href":"https:\/\/portal.sma.gob.cl\/index.php\/wp-json\/wp\/v2\/types\/post"}],"author":[{"embeddable":true,"href":"https:\/\/portal.sma.gob.cl\/index.php\/wp-json\/wp\/v2\/users\/3"}],"replies":[{"embeddable":true,"href":"https:\/\/portal.sma.gob.cl\/index.php\/wp-json\/wp\/v2\/comments?post=16598"}],"version-history":[{"count":0,"href":"https:\/\/portal.sma.gob.cl\/index.php\/wp-json\/wp\/v2\/posts\/16598\/revisions"}],"wp:featuredmedia":[{"embeddable":true,"href":"https:\/\/portal.sma.gob.cl\/index.php\/wp-json\/wp\/v2\/media\/16597"}],"wp:attachment":[{"href":"https:\/\/portal.sma.gob.cl\/index.php\/wp-json\/wp\/v2\/media?parent=16598"}],"wp:term":[{"taxonomy":"category","embeddable":true,"href":"https:\/\/portal.sma.gob.cl\/index.php\/wp-json\/wp\/v2\/categories?post=16598"},{"taxonomy":"post_tag","embeddable":true,"href":"https:\/\/portal.sma.gob.cl\/index.php\/wp-json\/wp\/v2\/tags?post=16598"}],"curies":[{"name":"wp","href":"https:\/\/api.w.org\/{rel}","templated":true}]}}