{"id":16606,"date":"2016-12-02T19:49:38","date_gmt":"2016-12-02T19:49:38","guid":{"rendered":"https:\/\/portal.sma.gob.cl\/index.php\/2016\/12\/02\/sma-realiza-taller-instructivo-para-la-cuantificacion-de-emisiones\/"},"modified":"2016-12-02T19:49:38","modified_gmt":"2016-12-02T19:49:38","slug":"sma-realiza-taller-instructivo-para-la-cuantificacion-de-emisiones","status":"publish","type":"post","link":"https:\/\/portal.sma.gob.cl\/index.php\/sma-realiza-taller-instructivo-para-la-cuantificacion-de-emisiones\/","title":{"rendered":"SMA realiza taller instructivo para la Cuantificaci\u00f3n de Emisiones"},"content":{"rendered":"<p><img decoding=\"async\" class=\"size-auto size-full wp-image-16603\" src=\"https:\/\/portal.sma.gob.cl\/wp-content\/uploads\/2016\/12\/nota_2taller_impuestos_cuantificaci%C3%B3n.jpg\" alt=\"nota 2taller impuestos cuantificaci\u00f3n\" width=\"760\" height=\"360\" \/><\/p>\n<div style=\"text-align: justify;\"><strong>Hoy m\u00e1s de 100 participantes, en el que se abord\u00f3 el nuevo impuesto a las emisiones atmosf\u00e9ricas fijas establecido en el art\u00edculo 8\u00b0 de la Ley 20.780.<\/strong><\/div>\n<p>  <!--more-->  <\/p>\n<div>&nbsp;<\/div>\n<div>\n<div style=\"text-align: justify;\"><strong>Santiago, 02 de diciembre de 2016<\/strong>. La Superintendencia del Medio Ambiente (SMA) realiz\u00f3 hoy un Taller Instructivo para la Cuantificaci\u00f3n de Emisiones, en dependencias del Hotel Plaza San Francisco. M\u00e1s de 100 participantes se convocaron en la jornada que abord\u00f3 los aspectos t\u00e9cnicos y administrativos del instructivo que aplica a las instalaciones afectas al impuesto verde, Instructivo aprobado por la Superintendencia el d\u00eda 14 de noviembre de 2016.<\/div>\n<div style=\"text-align: justify;\">&nbsp;<\/div>\n<div style=\"text-align: justify;\">En la oportunidad, los encargados del \u00e1rea en la Divisi\u00f3n de Fiscalizaci\u00f3n, Juan Eduardo Johnson y Juan Pablo Rodr\u00edguez, explicaron que el instructivo tiene 11 alternativas para cuantificar emisiones, la propuesta metodol\u00f3gica que deben presentar las empresas con la elecci\u00f3n de su alternativa para cuantificar sus emisiones, entre otras materias.<\/div>\n<div style=\"text-align: justify;\">&nbsp;<\/div>\n<div style=\"text-align: justify;\">En el taller se present\u00f3 una ficha resumen (descargar: <a class=\"doclink\" href=\"index.php?option=com_docman&amp;task=doc_download&amp;gid=510&amp;Itemid=280\"><img decoding=\"async\" class=\" size-full wp-image-16605\" src=\"https:\/\/portal.sma.gob.cl\/wp-content\/uploads\/2016\/12\/generic.png\" alt=\"icon\" border=\"0\" width=\"16\" height=\"16\" \/>&nbsp;Ficha resumen-Taller Cuantificaci\u00f3n de Emisiones<\/a>&nbsp;) que permite a los titulares presentar ordenadamente todos los antecedentes que se solicitan en su propuesta metodol\u00f3gica.<\/div>\n<div style=\"text-align: justify;\">&nbsp;<\/div>\n<div style=\"text-align: justify;\">En esta actividad participaron titulares de variados establecimientos industriales, dando alcance a gran parte del territorio nacional. La actividad gener\u00f3 gran inter\u00e9s por parte de los asistentes, los que pudieron plantear sus dudas e inquietudes.&nbsp;<\/div>\n<div style=\"text-align: justify;\">&nbsp;<\/div>\n<div style=\"text-align: justify;\">DESCARGAR:<\/div>\n<div style=\"text-align: justify;\"><a class=\"doclink\" href=\"index.php?option=com_docman&amp;task=doc_download&amp;gid=511&amp;Itemid=280\"><img decoding=\"async\" class=\" size-full wp-image-15480\" src=\"https:\/\/portal.sma.gob.cl\/wp-content\/uploads\/2012\/07\/pdf.png\" alt=\"icon\" border=\"0\" width=\"16\" height=\"16\" \/>&nbsp;Presentaci\u00f3n-Instructivo para la Cuantificaci\u00f3n de Emisiones de Impuestos Verdes<\/a><\/div>\n<div style=\"text-align: justify;\"><a class=\"doclink\" href=\"index.php?option=com_docman&amp;task=doc_download&amp;gid=510&amp;Itemid=280\"><img decoding=\"async\" class=\" size-full wp-image-16605\" src=\"https:\/\/portal.sma.gob.cl\/wp-content\/uploads\/2016\/12\/generic.png\" alt=\"icon\" border=\"0\" width=\"16\" height=\"16\" \/>&nbsp;Ficha resumen-Taller Cuantificaci\u00f3n de Emisiones<\/a><\/div>\n<div>&nbsp;<\/div>\n<\/p><\/div>\n","protected":false},"excerpt":{"rendered":"<p>Hoy m\u00e1s de 100 participantes, en el que se abord\u00f3 el nuevo impuesto a las emisiones atmosf\u00e9ricas fijas establecido en el art\u00edculo 8\u00b0 de la Ley 20.780.<\/p>\n","protected":false},"author":3,"featured_media":16603,"comment_status":"open","ping_status":"open","sticky":false,"template":"","format":"standard","meta":{"footnotes":""},"categories":[94],"tags":[],"class_list":["post-16606","post","type-post","status-publish","format-standard","has-post-thumbnail","hentry","category-notas-noticias"],"_links":{"self":[{"href":"https:\/\/portal.sma.gob.cl\/index.php\/wp-json\/wp\/v2\/posts\/16606","targetHints":{"allow":["GET"]}}],"collection":[{"href":"https:\/\/portal.sma.gob.cl\/index.php\/wp-json\/wp\/v2\/posts"}],"about":[{"href":"https:\/\/portal.sma.gob.cl\/index.php\/wp-json\/wp\/v2\/types\/post"}],"author":[{"embeddable":true,"href":"https:\/\/portal.sma.gob.cl\/index.php\/wp-json\/wp\/v2\/users\/3"}],"replies":[{"embeddable":true,"href":"https:\/\/portal.sma.gob.cl\/index.php\/wp-json\/wp\/v2\/comments?post=16606"}],"version-history":[{"count":0,"href":"https:\/\/portal.sma.gob.cl\/index.php\/wp-json\/wp\/v2\/posts\/16606\/revisions"}],"wp:featuredmedia":[{"embeddable":true,"href":"https:\/\/portal.sma.gob.cl\/index.php\/wp-json\/wp\/v2\/media\/16603"}],"wp:attachment":[{"href":"https:\/\/portal.sma.gob.cl\/index.php\/wp-json\/wp\/v2\/media?parent=16606"}],"wp:term":[{"taxonomy":"category","embeddable":true,"href":"https:\/\/portal.sma.gob.cl\/index.php\/wp-json\/wp\/v2\/categories?post=16606"},{"taxonomy":"post_tag","embeddable":true,"href":"https:\/\/portal.sma.gob.cl\/index.php\/wp-json\/wp\/v2\/tags?post=16606"}],"curies":[{"name":"wp","href":"https:\/\/api.w.org\/{rel}","templated":true}]}}