{"id":16611,"date":"2016-12-06T21:04:22","date_gmt":"2016-12-06T21:04:22","guid":{"rendered":"https:\/\/portal.sma.gob.cl\/index.php\/2016\/12\/06\/autoridades-fiscalizan-mejoras-ambientales-de-minera-sierra-gorda-en-antofagasta\/"},"modified":"2016-12-06T21:04:22","modified_gmt":"2016-12-06T21:04:22","slug":"autoridades-fiscalizan-mejoras-ambientales-de-minera-sierra-gorda-en-antofagasta","status":"publish","type":"post","link":"https:\/\/portal.sma.gob.cl\/index.php\/autoridades-fiscalizan-mejoras-ambientales-de-minera-sierra-gorda-en-antofagasta\/","title":{"rendered":"Autoridades fiscalizan mejoras ambientales de Minera Sierra Gorda en Antofagasta"},"content":{"rendered":"<div style=\"text-align: justify;\"><strong><img decoding=\"async\" class=\"size-auto size-full wp-image-16610\" src=\"https:\/\/portal.sma.gob.cl\/wp-content\/uploads\/2016\/12\/nota_sierra_gorda.jpg\" alt=\"nota sierra gorda\" width=\"760\" height=\"360\" srcset=\"https:\/\/portal.sma.gob.cl\/wp-content\/uploads\/2016\/12\/nota_sierra_gorda-200x95.jpg 200w, https:\/\/portal.sma.gob.cl\/wp-content\/uploads\/2016\/12\/nota_sierra_gorda-300x142.jpg 300w, https:\/\/portal.sma.gob.cl\/wp-content\/uploads\/2016\/12\/nota_sierra_gorda-400x189.jpg 400w, https:\/\/portal.sma.gob.cl\/wp-content\/uploads\/2016\/12\/nota_sierra_gorda-600x284.jpg 600w, https:\/\/portal.sma.gob.cl\/wp-content\/uploads\/2016\/12\/nota_sierra_gorda.jpg 760w\" sizes=\"(max-width: 760px) 100vw, 760px\" \/><\/strong><\/div>\n<div style=\"text-align: justify;\"><strong>El Superintendente del Medio Ambiente, Cristi\u00e1n Franz, junto al Seremi Felipe Lerzundi, visitaron la faena, ubicada en la Regi\u00f3n de Antofagasta. Esta empresa reconoci\u00f3 sus infracciones y ahora se encuentra ejecutando un plan de mejoras ambientales por 19 millones de d\u00f3lares.<\/strong><\/div>\n<div style=\"text-align: justify;\"><strong>&nbsp;<\/strong><\/div>\n<p>  <!--more-->  <\/p>\n<div style=\"text-align: justify;\"><strong>Antofagasta, 6 de diciembre de 2016<\/strong>. El Superintendente del Medio Ambiente, Cristi\u00e1n Franz, junto al Jefe Regional de la SMA, Ricardo Ortiz, y al Seremi del ramo Felipe Lerzundi, realizaron esta ma\u00f1ana una visita inspectiva a Minera Sierra Gorda, ubicada en la cordillera de la Regi\u00f3n de Antofagasta.&nbsp;<\/div>\n<div style=\"text-align: justify;\">&nbsp;<\/div>\n<div style=\"text-align: justify;\">Esta tuvo por objetivo constatar en terreno la ejecuci\u00f3n de las acciones comprometidas por la minera en su Programa de Cumplimiento, el cual incluye una inversi\u00f3n de 19 millones de d\u00f3lares, para desarrollar su plan de mejoras ambientales en un plazo m\u00e1ximo de 26 meses.<\/div>\n<div style=\"text-align: justify;\">&nbsp;<\/div>\n<div style=\"text-align: justify;\">Entre las zonas fiscalizadas se visit\u00f3 la zona del tranque de relaves de la mina, la zona de piscina de acumulaci\u00f3n de agua del tranque, la planta de osmosis inversa y la piscina de acumulaci\u00f3n de agua de mar, y el \u00e1rea que se deber\u00e1 asfaltar hacia el poblado de Sierra Gorda. Todas estas instalaciones est\u00e1n siendo sometidas a mejoras comprometidas en el plan de acciones y metas aprobado por la SMA.<\/div>\n<div style=\"text-align: justify;\">&nbsp;<\/div>\n<div style=\"text-align: justify;\">El Superintendente Cristi\u00e1n Franz, tras un recorrido por la faena, explic\u00f3 que \u201cesto nos permite comprobar que nuestra estrategia de fortalecer la figura de los Programas de Cumplimiento ha sido exitosa. Los incumplimientos que esta minera tuvo, detectados por la SMA, hoy est\u00e1n siendo objeto de acciones y medidas que buscan revertir los problemas y que implican una inversi\u00f3n muy cuantiosa. El objetivo desde el punto de vista ambiental, se cumple cabalmente. En vez de destinar recursos a una multa que va a parar a Tesorer\u00eda, con un Programa de Cumplimiento, esos recursos van directamente a solucionar un problema ambiental.<\/div>\n<div style=\"text-align: justify;\">&nbsp;<\/div>\n<div style=\"text-align: justify;\">El Seremi Felipe Lerzundi afirm\u00f3 que el \u201cPrograma de Cumplimiento es emblem\u00e1tico. Incluso supera en monto a la m\u00e1xima sanci\u00f3n cursada por la SMA en la regi\u00f3n, que alcanz\u00f3 $ 900 millones y est\u00e1 siendo apelada. Nuestro objetivo fue acompa\u00f1ar a la Superintendencia en esta visita, respaldar su actuar, desde la fiscalizaci\u00f3n a la formulaci\u00f3n de cargos, que ha derivado en este Programa, reconociendo que la sanci\u00f3n no es la \u00fanica v\u00eda para resolver los problemas\u201d.<\/div>\n<div style=\"text-align: justify;\">&nbsp;<\/div>\n<div style=\"text-align: justify;\">Eric Zepeda, vicepresidente de operaciones Minera Sierra Gorda, \u201cpara nosotros ha sido importante mostrar los avances a la autoridad, as\u00ed como los planes futuros. Estamos trabajando con la autoridad en resolver los problemas que tenemos\u201d.<\/div>\n<div style=\"text-align: justify;\">\u2003<\/div>\n<div style=\"text-align: justify;\"><strong>Contexto del proceso sancionatorio y medidas a ejecutar<\/strong><\/div>\n<div style=\"text-align: justify;\">&nbsp;<\/div>\n<div style=\"text-align: justify;\">La Superintendencia del Medio Ambiente (SMA) inici\u00f3 en marzo de este a\u00f1o un procedimiento sancionatorio contra Minera Sierra Gorda SCM, titular de los proyectos \u201cSierra Gorda\u201d (RCA N\u00b0 137\/2011) y \u201cActualizaci\u00f3n Sierra Gorda\u201d (RCA N\u00b0290\/2012. Luego de fiscalizar dichas faenas se formularon 9 cargos contra la empresa, entre los que se encontraban falta de medidas para el control de emisiones a la atm\u00f3sfera; operaci\u00f3n del sistema de relaves en forma distinta a lo autorizada, entre otras.<\/div>\n<div style=\"text-align: justify;\">&nbsp;<\/div>\n<div style=\"text-align: justify;\">La minera en abril de 2016, dentro del plazo que establece la Ley Org\u00e1nica de la SMA, present\u00f3 un Programa de Cumplimiento, el cual fue revisado en varias ocasiones por esta Superintendencia y se le presentaron observaciones para hacer m\u00e1s rigurosas las acciones y metas establecidas, con plazos y planes de seguimiento, con reportes peri\u00f3dicos a la autoridad.<\/div>\n<div style=\"text-align: justify;\">&nbsp;<\/div>\n<div style=\"text-align: justify;\">Finalmente, en septiembre, &nbsp;la compa\u00f1\u00eda present\u00f3 su Programa de Cumplimiento Refundido, el cual fue aprobado para ejecuci\u00f3n por parte de la SMA. Este contempla entre las principales acciones a ejecutar: pavimentar el camino 1 ubicado paralelo a la Ruta 25 y a la l\u00ednea del ferrocarril, para remediar la emisi\u00f3n de material particulado; instalar y operar un equipo modular para aumentar la capacidad de desalaci\u00f3n de agua de mar que ocupa la faena; implementaci\u00f3n de medidas para la protecci\u00f3n de aves de la zona; el transporte de concentrado de cobre en camiones se realizar\u00e1 s\u00f3lo a trav\u00e9s de puertos de la Regi\u00f3n de Antofagasta; modificar el actual sistema de distribuci\u00f3n de relaves con el objeto de optimizar el control sobre la laguna; impermeabilizar los muros del dep\u00f3sito de relaves; instalar 2 bombas balsa de respaldo a la capacidad ya instalada para que no se generen espejos de agua; mejorar en el sistema de drenes para la captaci\u00f3n y extracci\u00f3n de infiltraciones; realizar un estudio de dise\u00f1o y habilitaci\u00f3n de una nueva red de monitoreo de aguas subterr\u00e1neas en el sector del dep\u00f3sito de relaves; implementar un Programa de Seguimiento del comportamiento del acu\u00edfero y un plan de alerta; ingresar al Sistema de Evaluaci\u00f3n de Impacto Ambiental de la adecuaci\u00f3n operacional del dep\u00f3sito de relaves; entre otras medidas.<\/div>\n<div style=\"text-align: justify;\">&nbsp;<\/div>\n<div style=\"text-align: justify;\">&nbsp;&#8212;&#8212;&#8212;&#8212;&#8212;&#8212;&#8212;&#8212;&#8212;&#8212;&#8212;&#8212;&#8212;&#8212;&#8212;&#8212;&#8212;&#8212;&#8212;&#8212;&#8212;&#8212;&#8212;&#8212;&#8212;&#8212;&#8212;&#8212;&#8212;&#8212;&#8212;&#8212;&#8212;&#8212;&#8212;&#8212;&#8212;&#8212;&#8212;&#8212;&#8212;&#8212;&#8212;<\/div>\n<div style=\"text-align: justify;\">M\u00e1s detalles del caso en su expediente del Sistema Nacional de Informaci\u00f3n de Fiscalizaci\u00f3n Ambiental (<a href=\"http:\/\/snifa.sma.gob.cl\/v2\/\">SNIFA<\/a>)<\/div>\n<div>&nbsp;<\/div>\n","protected":false},"excerpt":{"rendered":"<p>El Superintendente del Medio Ambiente, Cristi\u00e1n Franz, junto al Seremi Felipe Lerzundi, visitaron la faena, ubicada en la Regi\u00f3n de Antofagasta. Esta empresa reconoci\u00f3 sus infracciones y ahora se encuentra ejecutando un plan de mejoras ambientales por 19 millones de d\u00f3lares. &nbsp;<\/p>\n","protected":false},"author":3,"featured_media":16609,"comment_status":"open","ping_status":"open","sticky":false,"template":"","format":"standard","meta":{"footnotes":""},"categories":[94],"tags":[],"class_list":["post-16611","post","type-post","status-publish","format-standard","has-post-thumbnail","hentry","category-notas-noticias"],"_links":{"self":[{"href":"https:\/\/portal.sma.gob.cl\/index.php\/wp-json\/wp\/v2\/posts\/16611","targetHints":{"allow":["GET"]}}],"collection":[{"href":"https:\/\/portal.sma.gob.cl\/index.php\/wp-json\/wp\/v2\/posts"}],"about":[{"href":"https:\/\/portal.sma.gob.cl\/index.php\/wp-json\/wp\/v2\/types\/post"}],"author":[{"embeddable":true,"href":"https:\/\/portal.sma.gob.cl\/index.php\/wp-json\/wp\/v2\/users\/3"}],"replies":[{"embeddable":true,"href":"https:\/\/portal.sma.gob.cl\/index.php\/wp-json\/wp\/v2\/comments?post=16611"}],"version-history":[{"count":0,"href":"https:\/\/portal.sma.gob.cl\/index.php\/wp-json\/wp\/v2\/posts\/16611\/revisions"}],"wp:featuredmedia":[{"embeddable":true,"href":"https:\/\/portal.sma.gob.cl\/index.php\/wp-json\/wp\/v2\/media\/16609"}],"wp:attachment":[{"href":"https:\/\/portal.sma.gob.cl\/index.php\/wp-json\/wp\/v2\/media?parent=16611"}],"wp:term":[{"taxonomy":"category","embeddable":true,"href":"https:\/\/portal.sma.gob.cl\/index.php\/wp-json\/wp\/v2\/categories?post=16611"},{"taxonomy":"post_tag","embeddable":true,"href":"https:\/\/portal.sma.gob.cl\/index.php\/wp-json\/wp\/v2\/tags?post=16611"}],"curies":[{"name":"wp","href":"https:\/\/api.w.org\/{rel}","templated":true}]}}