{"id":16613,"date":"2016-12-12T15:39:36","date_gmt":"2016-12-12T15:39:36","guid":{"rendered":"https:\/\/portal.sma.gob.cl\/index.php\/2016\/12\/12\/sma-realiza-jornada-de-promocion-del-cumplimiento-ambiental-a-empresas-de-la-region-del-biobio\/"},"modified":"2016-12-12T15:39:36","modified_gmt":"2016-12-12T15:39:36","slug":"sma-realiza-jornada-de-promocion-del-cumplimiento-ambiental-a-empresas-de-la-region-del-biobio","status":"publish","type":"post","link":"https:\/\/portal.sma.gob.cl\/index.php\/sma-realiza-jornada-de-promocion-del-cumplimiento-ambiental-a-empresas-de-la-region-del-biobio\/","title":{"rendered":"SMA realiza jornada de Promoci\u00f3n del Cumplimiento Ambiental a Empresas de la Regi\u00f3n del Biob\u00edo"},"content":{"rendered":"<div style=\"text-align: justify;\"><img decoding=\"async\" class=\"size-auto size-full wp-image-16612\" src=\"https:\/\/portal.sma.gob.cl\/wp-content\/uploads\/2016\/12\/Nota_concepcion.jpg\" alt=\"Nota concepcion\" width=\"760\" height=\"360\" srcset=\"https:\/\/portal.sma.gob.cl\/wp-content\/uploads\/2016\/12\/Nota_concepcion-200x95.jpg 200w, https:\/\/portal.sma.gob.cl\/wp-content\/uploads\/2016\/12\/Nota_concepcion-300x142.jpg 300w, https:\/\/portal.sma.gob.cl\/wp-content\/uploads\/2016\/12\/Nota_concepcion-400x189.jpg 400w, https:\/\/portal.sma.gob.cl\/wp-content\/uploads\/2016\/12\/Nota_concepcion-600x284.jpg 600w, https:\/\/portal.sma.gob.cl\/wp-content\/uploads\/2016\/12\/Nota_concepcion.jpg 760w\" sizes=\"(max-width: 760px) 100vw, 760px\" \/><\/div>\n<div style=\"text-align: justify;\">&nbsp;<\/div>\n<div style=\"text-align: justify;\"><strong>La jornada entreg\u00f3 detalles y cifras de hallazgos encontrados en el sector Energ\u00eda a empresas de la Regi\u00f3n del Biob\u00edo.<\/strong><\/div>\n<div style=\"text-align: justify;\">&nbsp;<\/div>\n<p>  <!--more-->  <\/p>\n<div style=\"text-align: justify;\">&nbsp;<\/div>\n<div style=\"text-align: justify;\"><strong>Concepci\u00f3n, 06 de diciembre de 2016.<\/strong> La Oficina Regional Biob\u00edo de la Superintendencia del Medio Ambiente (SMA) &nbsp; realiz\u00f3 el &nbsp;taller &nbsp;de \u201cPromoci\u00f3n &nbsp;del Cumplimiento Ambiental a Empresas de Energ\u00eda y aquellas que le aplica el nuevo impuesto de emisiones atmosf\u00e9ricas\u201d, en las dependencias del Hotel Diego de Almagro. La actividad tuvo una alta convocatoria con alrededor de 80 profesionales ligados a las empresas del sector.<\/div>\n<div style=\"text-align: justify;\">&nbsp;<\/div>\n<div style=\"text-align: justify;\">La realizaci\u00f3n de este tipo de jornadas es promover e incentivar el cumplimiento ambiental en las empresas. El taller comenz\u00f3 con una exposici\u00f3n de la la Jefa de la Oficina Regional de la SMA, Emelina Zamorano, quien present\u00f3 las competencias y antecedentes generales de la Superintendencia.<\/div>\n<div style=\"text-align: justify;\">&nbsp;<\/div>\n<div style=\"text-align: justify;\">La presentaci\u00f3n siguiente estuvo a cargo de Nicolas Mu\u00f1oz, profesional de la Divisi\u00f3n de Fiscalizaci\u00f3n quien expuso la fiscalizaci\u00f3n ambiental estrat\u00e9gica y realiz\u00f3 un an\u00e1lisis detallado de los hallazgos ambientales del sector Energ\u00eda 2013-2015.<\/div>\n<div style=\"text-align: justify;\">&nbsp;<\/div>\n<div style=\"text-align: justify;\">En la oportunidad, presentaron otros dos profesionales de la Divisi\u00f3n de Fiscalizaci\u00f3n, Francisco Alegre, qui\u00e9n expuso el rol de la empresa en el aseguramiento de calidad de los Sistemas de Monitoreo Continuo de Emisiones (CEMS) y &nbsp;Juan Pablo Rodr\u00edguez qui\u00e9n abordo los aspectos t\u00e9cnicos de los impuesto Verdes. Estos son un nuevo gravamen a las emisiones atmosf\u00e9ricas fijas, establecido en el art\u00edculo 8\u00b0 de la Ley 20.780. El profesional explic\u00f3 que el instructivo dictado por la SMA en noviembre tiene 11 alternativas para cuantificar emisiones, y las empresas deber\u00e1n presentar a la SMA su propuesta metodol\u00f3gica con la elecci\u00f3n de su alternativa para cuantificar sus emisiones, entre otras materias.<\/div>\n<div style=\"text-align: justify;\">&nbsp;<\/div>\n<div style=\"text-align: justify;\">\u201cEsta es la quinta jornada regional de Promoci\u00f3n al Cumplimiento en el a\u00f1o 2016 que realizamos para todos nuestros regulados. Agradecemos la activa participaci\u00f3n por parte de ellos &nbsp;en todas las que realizamos en el a\u00f1o, esperamos con esto haber aclarado las dudas, especialmente con las nuevas disposiciones legales con el fin de facilitar el cumplimiento ambiental de la comunidad regulada\u201d, afirm\u00f3 Emelina Zamorano al t\u00e9rmino del evento. establecido en el art\u00edculo 8\u00b0 de la Ley 20.780.<\/div>\n<div style=\"text-align: justify;\">&nbsp;<\/div>\n<div style=\"text-align: justify;\"><span style=\"color: #333333; font-family: Tahoma, Helvetica, Arial, sans-serif; font-size: 12.16px;\">Presentaciones jornada de promoci\u00f3n al Cumplimiento Ambiental en la Regi\u00f3n del Biob\u00edo.<\/span><\/div>\n<div style=\"text-align: justify;\">&nbsp;<\/div>\n<div style=\"text-align: justify;\"><span style=\"color: #333333; font-family: Tahoma, Helvetica, Arial, sans-serif; font-size: 12.16px;\"><a class=\"doclink\" href=\"index.php?option=com_docman&amp;task=doc_download&amp;gid=516&amp;Itemid=280\"><img decoding=\"async\" width=\"16\" height=\"16\" class=\" size-full wp-image-15480\" src=\"https:\/\/portal.sma.gob.cl\/wp-content\/uploads\/2012\/07\/pdf.png\" alt=\"icon\" border=\"0\" \/>&nbsp;1. Hallazgos RCA Energ\u00eda 2016<br \/><br width=\"16\" height=\"16\" \/><\/a><a class=\"doclink\" href=\"index.php?option=com_docman&amp;task=doc_download&amp;gid=517&amp;Itemid=280\"><img decoding=\"async\" width=\"16\" height=\"16\" class=\" size-full wp-image-15480\" src=\"https:\/\/portal.sma.gob.cl\/wp-content\/uploads\/2012\/07\/pdf.png\" alt=\"icon\" border=\"0\" \/>&nbsp;02-CEMS1- Generadoras 2016<br \/><br width=\"16\" height=\"16\" \/><\/a><a class=\"doclink\" href=\"index.php?option=com_docman&amp;task=doc_download&amp;gid=518&amp;Itemid=280\"><img decoding=\"async\" class=\" size-full wp-image-15480\" src=\"https:\/\/portal.sma.gob.cl\/wp-content\/uploads\/2012\/07\/pdf.png\" alt=\"icon\" border=\"0\" width=\"16\" height=\"16\" \/>&nbsp;03-Protocolos 1 IV SMA 0.6<\/a><a class=\"doclink\" href=\"index.php?option=com_docman&amp;task=doc_download&amp;gid=517&amp;Itemid=280\"><br \/><\/a><\/span><\/div>\n","protected":false},"excerpt":{"rendered":"<p>&nbsp; La jornada entreg\u00f3 detalles y cifras de hallazgos encontrados en el sector Energ\u00eda a empresas de la Regi\u00f3n del Biob\u00edo. &nbsp;<\/p>\n","protected":false},"author":3,"featured_media":16612,"comment_status":"open","ping_status":"open","sticky":false,"template":"","format":"standard","meta":{"footnotes":""},"categories":[94],"tags":[],"class_list":["post-16613","post","type-post","status-publish","format-standard","has-post-thumbnail","hentry","category-notas-noticias"],"_links":{"self":[{"href":"https:\/\/portal.sma.gob.cl\/index.php\/wp-json\/wp\/v2\/posts\/16613","targetHints":{"allow":["GET"]}}],"collection":[{"href":"https:\/\/portal.sma.gob.cl\/index.php\/wp-json\/wp\/v2\/posts"}],"about":[{"href":"https:\/\/portal.sma.gob.cl\/index.php\/wp-json\/wp\/v2\/types\/post"}],"author":[{"embeddable":true,"href":"https:\/\/portal.sma.gob.cl\/index.php\/wp-json\/wp\/v2\/users\/3"}],"replies":[{"embeddable":true,"href":"https:\/\/portal.sma.gob.cl\/index.php\/wp-json\/wp\/v2\/comments?post=16613"}],"version-history":[{"count":0,"href":"https:\/\/portal.sma.gob.cl\/index.php\/wp-json\/wp\/v2\/posts\/16613\/revisions"}],"wp:featuredmedia":[{"embeddable":true,"href":"https:\/\/portal.sma.gob.cl\/index.php\/wp-json\/wp\/v2\/media\/16612"}],"wp:attachment":[{"href":"https:\/\/portal.sma.gob.cl\/index.php\/wp-json\/wp\/v2\/media?parent=16613"}],"wp:term":[{"taxonomy":"category","embeddable":true,"href":"https:\/\/portal.sma.gob.cl\/index.php\/wp-json\/wp\/v2\/categories?post=16613"},{"taxonomy":"post_tag","embeddable":true,"href":"https:\/\/portal.sma.gob.cl\/index.php\/wp-json\/wp\/v2\/tags?post=16613"}],"curies":[{"name":"wp","href":"https:\/\/api.w.org\/{rel}","templated":true}]}}