{"id":16615,"date":"2016-12-13T16:46:16","date_gmt":"2016-12-13T16:46:16","guid":{"rendered":"https:\/\/portal.sma.gob.cl\/index.php\/2016\/12\/13\/sma-fiscaliza-termoelectrica-bocamina-tras-amago-de-incendio\/"},"modified":"2016-12-13T16:46:16","modified_gmt":"2016-12-13T16:46:16","slug":"sma-fiscaliza-termoelectrica-bocamina-tras-amago-de-incendio","status":"publish","type":"post","link":"https:\/\/portal.sma.gob.cl\/index.php\/sma-fiscaliza-termoelectrica-bocamina-tras-amago-de-incendio\/","title":{"rendered":"SMA fiscaliza termoel\u00e9ctrica Bocamina tras amago de incendio"},"content":{"rendered":"<div>&nbsp;<img decoding=\"async\" class=\"size-auto size-full wp-image-16614\" src=\"https:\/\/portal.sma.gob.cl\/wp-content\/uploads\/2016\/12\/NOTA_BOCAMINA.jpg\" alt=\"NOTA BOCAMINA\" width=\"760\" height=\"360\" srcset=\"https:\/\/portal.sma.gob.cl\/wp-content\/uploads\/2016\/12\/NOTA_BOCAMINA-200x95.jpg 200w, https:\/\/portal.sma.gob.cl\/wp-content\/uploads\/2016\/12\/NOTA_BOCAMINA-300x142.jpg 300w, https:\/\/portal.sma.gob.cl\/wp-content\/uploads\/2016\/12\/NOTA_BOCAMINA-400x189.jpg 400w, https:\/\/portal.sma.gob.cl\/wp-content\/uploads\/2016\/12\/NOTA_BOCAMINA-600x284.jpg 600w, https:\/\/portal.sma.gob.cl\/wp-content\/uploads\/2016\/12\/NOTA_BOCAMINA.jpg 760w\" sizes=\"(max-width: 760px) 100vw, 760px\" \/><strong style=\"font-size: 12.16px;\">&nbsp;<\/strong>&nbsp;<\/div>\n<div style=\"text-align: justify;\"><strong>La instalaci\u00f3n, ubicada en la comuna de Coronel, fue inspeccionada el pasado s\u00e1bado tras un amago de incendio. La SMA adem\u00e1s requiri\u00f3 informaci\u00f3n a la empresa ENEL para analizar t\u00e9cnicamente el cumplimiento de la misma.<\/strong><strong style=\"font-size: 12.16px;\">&nbsp;<\/strong><\/div>\n<p>  <!--more-->  <\/p>\n<div style=\"text-align: justify;\"><strong>&nbsp;<\/strong><\/div>\n<div style=\"text-align: justify;\"><strong>Concepci\u00f3n, 13 de diciembre de 2016.<\/strong> La Oficina Regional de la Superintendencia del Medio Ambiente (SMA) en Biob\u00edo, concurri\u00f3 el d\u00eda s\u00e1bado 10 de diciembre a fiscalizar la Central Termoel\u00e9ctrica Bocamina, de propiedad de ENEL Generaci\u00f3n Chile. En la oportunidad, se inspeccion\u00f3 en terreno tras una situaci\u00f3n de emergencia por el amago de incendio ocurrido en la tarde del 09 de diciembre de 2016, en la Caldera de la Unidad 2 de dicha central.<\/div>\n<div style=\"text-align: justify;\">&nbsp;<\/div>\n<div style=\"text-align: justify;\">La jefa de la Oficina Regional de la SMA, Emelina Zamorano, explica que concurrieron con fiscalizadores a las instalaciones afectadas, ubicadas en el sector Lo Rojas de la comuna de Coronel, Regi\u00f3n del Biob\u00edo. \u201cMediante la inspecci\u00f3n en terreno se verific\u00f3 la paralizaci\u00f3n de la unidad afectada como primera medida de control, la contenci\u00f3n preliminar del amago de incendio, procediendo los fiscalizadores a recabar informaci\u00f3n respeto de las posibles causas, las acciones de contingencia ejecutadas y la aplicaci\u00f3n del Plan de Contingencia para Emergencias contemplado en la Resoluci\u00f3n de Calificaci\u00f3n Ambiental N\u00b0 128\/2015\u201d, afirm\u00f3 Zamorano.<\/div>\n<div style=\"text-align: justify;\">&nbsp;<\/div>\n<div style=\"text-align: justify;\">Es importante se\u00f1alar que esta Superintendencia tom\u00f3 conocimiento de la situaci\u00f3n ocurrida en la tarde del d\u00eda 9 de diciembre, primero a trav\u00e9s de la prensa, y luego en detalle por medio de la comunicaci\u00f3n directa de los encargados ambientales de la central Bocamina.<\/div>\n<div style=\"text-align: justify;\">&nbsp;<\/div>\n<div style=\"text-align: justify;\">Con los antecedentes recabados en terreno, m\u00e1s informes que se le solicitaron al titular de la termoel\u00e9ctrica que tienen un plazo de cinco d\u00edas h\u00e1biles para ser entregados, la SMA continuar\u00e1 su investigaci\u00f3n en curso.<\/div>\n<div style=\"text-align: justify;\">&nbsp;<\/div>\n<div>&nbsp;<\/div>\n<div>&nbsp;<\/div>\n<div>&nbsp;<\/div>\n<div>&nbsp;<\/div>\n<div>&nbsp;<\/div>\n<div>&nbsp;<\/div>\n<div>&nbsp;<\/div>\n","protected":false},"excerpt":{"rendered":"<p>&nbsp;&nbsp;&nbsp; La instalaci\u00f3n, ubicada en la comuna de Coronel, fue inspeccionada el pasado s\u00e1bado tras un amago de incendio. La SMA adem\u00e1s requiri\u00f3 informaci\u00f3n a la empresa ENEL para analizar t\u00e9cnicamente el cumplimiento de la misma.&nbsp;<\/p>\n","protected":false},"author":3,"featured_media":16614,"comment_status":"open","ping_status":"open","sticky":false,"template":"","format":"standard","meta":{"footnotes":""},"categories":[90],"tags":[],"class_list":["post-16615","post","type-post","status-publish","format-standard","has-post-thumbnail","hentry","category-comunicados-noticias"],"_links":{"self":[{"href":"https:\/\/portal.sma.gob.cl\/index.php\/wp-json\/wp\/v2\/posts\/16615","targetHints":{"allow":["GET"]}}],"collection":[{"href":"https:\/\/portal.sma.gob.cl\/index.php\/wp-json\/wp\/v2\/posts"}],"about":[{"href":"https:\/\/portal.sma.gob.cl\/index.php\/wp-json\/wp\/v2\/types\/post"}],"author":[{"embeddable":true,"href":"https:\/\/portal.sma.gob.cl\/index.php\/wp-json\/wp\/v2\/users\/3"}],"replies":[{"embeddable":true,"href":"https:\/\/portal.sma.gob.cl\/index.php\/wp-json\/wp\/v2\/comments?post=16615"}],"version-history":[{"count":0,"href":"https:\/\/portal.sma.gob.cl\/index.php\/wp-json\/wp\/v2\/posts\/16615\/revisions"}],"wp:featuredmedia":[{"embeddable":true,"href":"https:\/\/portal.sma.gob.cl\/index.php\/wp-json\/wp\/v2\/media\/16614"}],"wp:attachment":[{"href":"https:\/\/portal.sma.gob.cl\/index.php\/wp-json\/wp\/v2\/media?parent=16615"}],"wp:term":[{"taxonomy":"category","embeddable":true,"href":"https:\/\/portal.sma.gob.cl\/index.php\/wp-json\/wp\/v2\/categories?post=16615"},{"taxonomy":"post_tag","embeddable":true,"href":"https:\/\/portal.sma.gob.cl\/index.php\/wp-json\/wp\/v2\/tags?post=16615"}],"curies":[{"name":"wp","href":"https:\/\/api.w.org\/{rel}","templated":true}]}}