{"id":16619,"date":"2016-12-15T08:48:00","date_gmt":"2016-12-15T08:48:00","guid":{"rendered":"https:\/\/portal.sma.gob.cl\/index.php\/2016\/12\/15\/sma-publica-nuevo-plazo-impuestos-verdes\/"},"modified":"2016-12-15T08:48:00","modified_gmt":"2016-12-15T08:48:00","slug":"sma-publica-nuevo-plazo-impuestos-verdes","status":"publish","type":"post","link":"https:\/\/portal.sma.gob.cl\/index.php\/sma-publica-nuevo-plazo-impuestos-verdes\/","title":{"rendered":"Impuestos verdes: SMA otorga nuevo plazo para presentaci\u00f3n de propuestas metodol\u00f3gicas para cuantificaci\u00f3n de emisiones"},"content":{"rendered":"<div style=\"text-align: justify;\"><strong><strong style=\"color: #333333; font-family: Tahoma, Helvetica, Arial, sans-serif; font-size: 12.16px; text-align: justify;\"><img decoding=\"async\" class=\"size-auto size-full wp-image-16582\" src=\"https:\/\/portal.sma.gob.cl\/wp-content\/uploads\/2016\/11\/Nota_impuesto_verdes.jpg\" alt=\"Nota impuesto verdes\" width=\"760\" height=\"360\" \/><\/strong><\/strong><\/div>\n<div style=\"text-align: justify;\"><strong><span style=\"font-size: 12.16px; text-align: justify;\">La SMA otorg\u00f3 un nuevo plazo para presentar a la SMA la propuesta metodol\u00f3gica para la cuantificaci\u00f3n de emisiones de fuentes afectas. El plazo expira el jueves 22 de diciembre.<\/span><\/strong><\/div>\n<p>  <!--more-->  <\/p>\n<div style=\"text-align: justify;\">&nbsp;<\/div>\n<div style=\"text-align: justify;\"><span style=\"font-size: 12.16px;\" data-mce-mark=\"1\"><strong>Santiago, 15 de diciembre de 2016.<\/strong> La Superintendencia del Medio Ambiente (SMA) informa a la comunidad regulada que se conferido un nuevo plazo de cinco (5) d\u00edas h\u00e1biles para entregar la propuesta metodol\u00f3gica para la cuantificaci\u00f3n de emisiones de todas las fuentes afectas al impuesto anual a beneficio fiscal que gravar\u00e1 las emisiones de MP, NOx, SO2 y CO2 a partir de 2017.<\/span><\/div>\n<div style=\"text-align: justify;\">\n<p>Cabe recordar que las fuentes fijas cuyas calderas o turbinas, individualmente o en su conjunto, sumen una potencia t\u00e9rmica mayor a 50 MWt est\u00e1n afectas a este \u201cimpuesto verde\u201d contenido en la reforma tributaria, contemplado en el art\u00edculo 8\u00b0 de la Ley N\u00b0 20.780.<\/p>\n<p>Las fuentes afectas al gravamen deben entregar en la Oficina de Partes de la SMA sus alternativas de metodolog\u00edas y\/o t\u00e9cnicas de cuantificaci\u00f3n de emisiones. El nuevo plazo para entregar dicha propuesta vence el 22 de diciembre.<\/p>\n<p><strong>Horario de atenci\u00f3n de Oficina de Partes:<\/strong> Lunes a viernes de 9.00 a 13.00 horas.<\/p>\n<h3>Para mayor informaci\u00f3n visitar los siguientes links:<\/h3>\n<\/p><\/div>\n<div><a href=\"index.php\/impuestos-verdes%20\">Ficha de propuesta metodol\u00f3gica<\/a><\/div>\n<div>&nbsp;<\/div>\n<div><a href=\"%20http:\/www.sma.gob.cl\/index.php\/noticias\/notas\/757-sma-realiza-taller-instructivo-para-la-cuantificacion-de-emisiones\">Taller informativo de cuantificaci\u00f3n de emisiones<\/a><\/div>\n<div>&nbsp;<\/div>\n<div><a href=\"index.php\/noticias\/comunicados\/747-sma-publica-instructivo-para-la-cuantificacion-de-emisiones-de-fuentes-fijas-afectas-a-reforma-tributaria-impuestos-verdes\">Instructivo SMA<\/a><\/div>\n<div>&nbsp;<\/div>\n","protected":false},"excerpt":{"rendered":"<p>La SMA otorg\u00f3 un nuevo plazo para presentar a la SMA la propuesta metodol\u00f3gica para la cuantificaci\u00f3n de emisiones de fuentes afectas. El plazo expira el jueves 22 de diciembre.<\/p>\n","protected":false},"author":3,"featured_media":16582,"comment_status":"open","ping_status":"open","sticky":false,"template":"","format":"standard","meta":{"footnotes":""},"categories":[90],"tags":[],"class_list":["post-16619","post","type-post","status-publish","format-standard","has-post-thumbnail","hentry","category-comunicados-noticias"],"_links":{"self":[{"href":"https:\/\/portal.sma.gob.cl\/index.php\/wp-json\/wp\/v2\/posts\/16619","targetHints":{"allow":["GET"]}}],"collection":[{"href":"https:\/\/portal.sma.gob.cl\/index.php\/wp-json\/wp\/v2\/posts"}],"about":[{"href":"https:\/\/portal.sma.gob.cl\/index.php\/wp-json\/wp\/v2\/types\/post"}],"author":[{"embeddable":true,"href":"https:\/\/portal.sma.gob.cl\/index.php\/wp-json\/wp\/v2\/users\/3"}],"replies":[{"embeddable":true,"href":"https:\/\/portal.sma.gob.cl\/index.php\/wp-json\/wp\/v2\/comments?post=16619"}],"version-history":[{"count":0,"href":"https:\/\/portal.sma.gob.cl\/index.php\/wp-json\/wp\/v2\/posts\/16619\/revisions"}],"wp:featuredmedia":[{"embeddable":true,"href":"https:\/\/portal.sma.gob.cl\/index.php\/wp-json\/wp\/v2\/media\/16582"}],"wp:attachment":[{"href":"https:\/\/portal.sma.gob.cl\/index.php\/wp-json\/wp\/v2\/media?parent=16619"}],"wp:term":[{"taxonomy":"category","embeddable":true,"href":"https:\/\/portal.sma.gob.cl\/index.php\/wp-json\/wp\/v2\/categories?post=16619"},{"taxonomy":"post_tag","embeddable":true,"href":"https:\/\/portal.sma.gob.cl\/index.php\/wp-json\/wp\/v2\/tags?post=16619"}],"curies":[{"name":"wp","href":"https:\/\/api.w.org\/{rel}","templated":true}]}}