{"id":16632,"date":"2016-12-22T20:51:20","date_gmt":"2016-12-22T20:51:20","guid":{"rendered":"https:\/\/portal.sma.gob.cl\/index.php\/2016\/12\/22\/sma-firma-convenio-de-colaboracion-con-la-municipalidad-de-natales\/"},"modified":"2016-12-22T20:51:20","modified_gmt":"2016-12-22T20:51:20","slug":"sma-firma-convenio-de-colaboracion-con-la-municipalidad-de-natales","status":"publish","type":"post","link":"https:\/\/portal.sma.gob.cl\/index.php\/sma-firma-convenio-de-colaboracion-con-la-municipalidad-de-natales\/","title":{"rendered":"SMA firma convenio de colaboraci\u00f3n con la Municipalidad de Natales"},"content":{"rendered":"<p style=\"text-align: justify;\"><img decoding=\"async\" class=\"size-auto size-full wp-image-16631\" src=\"https:\/\/portal.sma.gob.cl\/wp-content\/uploads\/2016\/12\/Nota_Convenio.jpg\" alt=\"Nota Convenio\" width=\"760\" height=\"360\" srcset=\"https:\/\/portal.sma.gob.cl\/wp-content\/uploads\/2016\/12\/Nota_Convenio-200x95.jpg 200w, https:\/\/portal.sma.gob.cl\/wp-content\/uploads\/2016\/12\/Nota_Convenio-300x142.jpg 300w, https:\/\/portal.sma.gob.cl\/wp-content\/uploads\/2016\/12\/Nota_Convenio-400x189.jpg 400w, https:\/\/portal.sma.gob.cl\/wp-content\/uploads\/2016\/12\/Nota_Convenio-600x284.jpg 600w, https:\/\/portal.sma.gob.cl\/wp-content\/uploads\/2016\/12\/Nota_Convenio.jpg 760w\" sizes=\"(max-width: 760px) 100vw, 760px\" \/><\/p>\n<p style=\"text-align: justify;\"><strong>El acuerdo busca entregar capacitaci\u00f3n a los funcionarios municipales para que puedan medir ruidos molestos en la comuna, utilizando son\u00f3metros calibrados y con las t\u00e9cnicas que se deben aplicar seg\u00fan el Decreto Supremo N\u00b038.<\/strong><\/p>\n<p>  <!--more-->  <\/p>\n<p style=\"text-align: justify;\"><strong>Puerto Natales, 20 de diciembre de 2016<\/strong>. Esta tarde el Superintendente del Medio Ambiente, Cristi\u00e1n Franz, firm\u00f3 un convenio con el alcalde (S) de la Municipalidad de Natales, Marco O\u00f1ate, con el objetivo de colaborar en la capacitaci\u00f3n de funcionarios municipales para que puedan medir ruidos molestos en la comuna, utilizando son\u00f3metros calibrados y con las t\u00e9cnicas que se deben aplicar seg\u00fan el Decreto Supremo N\u00b038.<\/p>\n<div style=\"text-align: justify;\">\u201cEl cumplimiento de los fines establecidos en la Norma de Emisi\u00f3n de Ruidos Generados por Fuentes que Indica, aprobada mediante decreto supremo N\u00b038, de 2011 del Ministerio del Medio Ambiente, la municipalidad acuerda colaborar con la Superintendencia del Medio Ambiente en la ejecuci\u00f3n de actividades de fiscalizaci\u00f3n ambiental que se establezcan para la aludida norma de emisi\u00f3n contenida en el D.S. N\u00b038\/2011. La municipalidad deber\u00e1 velar por el cumplimiento de los requisitos legales establecidos para las denuncias, establecidos en el art\u00edculo 47 de la ley org\u00e1nica de la SMA\u201d, establece el documento firmado.<\/div>\n<div style=\"text-align: justify;\">&nbsp;<\/div>\n<div style=\"text-align: justify;\">As\u00ed, la municipalidad de Natales deber\u00e1 verificar que las fuentes de ruido denunciadas correspondan a aquellas definidas en la norma de emisi\u00f3n. Para presentar denuncias ante la SMA la Municipalidad deber\u00e1:<\/div>\n<div style=\"text-align: justify;\">a.Identificar la fuente emisora de ruido (nombre o raz\u00f3n social, direcci\u00f3n, tipo de actividad que desarrolla);&nbsp;<\/div>\n<div style=\"text-align: justify;\">b.Identificar a los denunciantes &nbsp;(nombre, tel\u00e9fono de contacto y direcci\u00f3n);&nbsp;<\/div>\n<div style=\"text-align: justify;\">c.Describir la denuncia (periodos de funcionamiento en d\u00edas y horas, descripci\u00f3n del ruido que motiva la denuncia, entre otros).<\/div>\n<div style=\"text-align: justify;\">&nbsp;<\/div>\n<div style=\"text-align: justify;\">Por su parte, la SMA se compromete a realizar capacitaciones respecto del sentido y alcance de la norma de emisi\u00f3n; de las metodolog\u00edas aplicables a la medici\u00f3n de ruido, uso de equipo, zonificaci\u00f3n, entre otros. Del mismo modo, se compromete a brindar apoyo t\u00e9cnico para la adquisici\u00f3n de equipamiento por parte del municipio, as\u00ed como para el desarrollo o mejoramiento de la ordenanza sobre este tema espec\u00edfico.<\/div>\n<div style=\"text-align: justify;\">&nbsp;<\/div>\n","protected":false},"excerpt":{"rendered":"<p>El acuerdo busca entregar capacitaci\u00f3n a los funcionarios municipales para que puedan medir ruidos molestos en la comuna, utilizando son\u00f3metros calibrados y con las t\u00e9cnicas que se deben aplicar seg\u00fan el Decreto Supremo N\u00b038.<\/p>\n","protected":false},"author":3,"featured_media":16631,"comment_status":"open","ping_status":"open","sticky":false,"template":"","format":"standard","meta":{"footnotes":""},"categories":[94],"tags":[],"class_list":["post-16632","post","type-post","status-publish","format-standard","has-post-thumbnail","hentry","category-notas-noticias"],"_links":{"self":[{"href":"https:\/\/portal.sma.gob.cl\/index.php\/wp-json\/wp\/v2\/posts\/16632","targetHints":{"allow":["GET"]}}],"collection":[{"href":"https:\/\/portal.sma.gob.cl\/index.php\/wp-json\/wp\/v2\/posts"}],"about":[{"href":"https:\/\/portal.sma.gob.cl\/index.php\/wp-json\/wp\/v2\/types\/post"}],"author":[{"embeddable":true,"href":"https:\/\/portal.sma.gob.cl\/index.php\/wp-json\/wp\/v2\/users\/3"}],"replies":[{"embeddable":true,"href":"https:\/\/portal.sma.gob.cl\/index.php\/wp-json\/wp\/v2\/comments?post=16632"}],"version-history":[{"count":0,"href":"https:\/\/portal.sma.gob.cl\/index.php\/wp-json\/wp\/v2\/posts\/16632\/revisions"}],"wp:featuredmedia":[{"embeddable":true,"href":"https:\/\/portal.sma.gob.cl\/index.php\/wp-json\/wp\/v2\/media\/16631"}],"wp:attachment":[{"href":"https:\/\/portal.sma.gob.cl\/index.php\/wp-json\/wp\/v2\/media?parent=16632"}],"wp:term":[{"taxonomy":"category","embeddable":true,"href":"https:\/\/portal.sma.gob.cl\/index.php\/wp-json\/wp\/v2\/categories?post=16632"},{"taxonomy":"post_tag","embeddable":true,"href":"https:\/\/portal.sma.gob.cl\/index.php\/wp-json\/wp\/v2\/tags?post=16632"}],"curies":[{"name":"wp","href":"https:\/\/api.w.org\/{rel}","templated":true}]}}