{"id":16638,"date":"2017-01-05T21:12:08","date_gmt":"2017-01-05T21:12:08","guid":{"rendered":"https:\/\/portal.sma.gob.cl\/index.php\/2017\/01\/05\/se-realiza-la-sesion-n-21-del-consejo-de-la-sociedad-civil-de-la-sma\/"},"modified":"2017-01-05T21:12:08","modified_gmt":"2017-01-05T21:12:08","slug":"se-realiza-la-sesion-n-21-del-consejo-de-la-sociedad-civil-de-la-sma","status":"publish","type":"post","link":"https:\/\/portal.sma.gob.cl\/index.php\/se-realiza-la-sesion-n-21-del-consejo-de-la-sociedad-civil-de-la-sma\/","title":{"rendered":"Se realiza la sesi\u00f3n N\u00b0 21 del Consejo de la Sociedad Civil de la SMA"},"content":{"rendered":"<p style=\"text-align: justify;\"><strong><img decoding=\"async\" class=\"size-auto size-full wp-image-16637\" src=\"https:\/\/portal.sma.gob.cl\/wp-content\/uploads\/2017\/01\/notaconsejo.jpg\" alt=\"notaconsejo\" width=\"760\" height=\"360\" srcset=\"https:\/\/portal.sma.gob.cl\/wp-content\/uploads\/2017\/01\/notaconsejo-200x95.jpg 200w, https:\/\/portal.sma.gob.cl\/wp-content\/uploads\/2017\/01\/notaconsejo-300x142.jpg 300w, https:\/\/portal.sma.gob.cl\/wp-content\/uploads\/2017\/01\/notaconsejo-400x189.jpg 400w, https:\/\/portal.sma.gob.cl\/wp-content\/uploads\/2017\/01\/notaconsejo-600x284.jpg 600w, https:\/\/portal.sma.gob.cl\/wp-content\/uploads\/2017\/01\/notaconsejo.jpg 760w\" sizes=\"(max-width: 760px) 100vw, 760px\" \/><\/strong><\/p>\n<p style=\"text-align: justify;\"><strong><span style=\"color: #500050; font-family: Calibri, sans-serif; font-size: 14.6667px;\">En la oportunidad, representantes del mundo acad\u00e9mico, centros de estudios, gremios y ONG, conocieron detalles de las modalidades de gesti\u00f3n de la SMA para la tramitaci\u00f3n de denuncias.<\/span><\/strong><\/p>\n<p>  <!--more-->  <\/p>\n<p><strong>Santiago, 04 de enero de 2017.<\/strong> Esta ma\u00f1ana se realiz\u00f3 la sesi\u00f3n N\u00b0 21 del Consejo de la Sociedad Civil de la Superintendencia del Medio Ambiente (SMA), instancia que se enmarca en el contexto de la Ley 20.500, Sobre Asociaciones y Participaci\u00f3n Ciudadana en la Gesti\u00f3n P\u00fablica.<\/p>\n<p>En esta oportunidad, la Jefa de la Divisi\u00f3n de Sanci\u00f3n y Cumplimiento, Marie Claude Plumer, acompa\u00f1ada por D\u00e1nisa Estay, profesional del \u00e1rea, realizaron una exposici\u00f3n a los consejeros respecto del sistema que emplea la SMA para el tratamiento de las denuncias.<\/p>\n<p>Entre los variados temas expuestos, explicaron que la Ley faculta a cualquier persona a denunciar ante la SMA y el organismo tiene 60 d\u00edas h\u00e1biles para enviar un oficio dirigido al denunciante, explicando si su caso es de competencia de la Superintendencia y qu\u00e9 gesti\u00f3n se ordenar\u00e1. En caso de iniciarse un procedimiento sancionatorio, el denunciante podr\u00e1 intervenir como interesado.<\/p>\n<p>A la par, expusieron sobre c\u00f3mo se realiza el proceso interno de tramitaci\u00f3n de denuncias, que comprende, por una parte, el an\u00e1lisis de competencias de la SMA, y que en caso de no ser de competencias de la SMA los hechos denunciados (como por ejemplo, los excluidos en el art\u00edculo 5\u00b0 del D.S. 38\/2011 que contiene la norma de emisi\u00f3n de ruidos) se deriva la denuncia al organismo competente conforme lo se\u00f1ala el art\u00edculo 14 de la Ley 19.880; y por otra parte, la existencia de infracciones a las normas de competencias de la SMA a trav\u00e9s de gestiones como requerimiento de informaci\u00f3n a titulares o solicitudes a Organismos del Estado, revisi\u00f3n de la informaci\u00f3n contenida en la plataforma de seguimiento de la SMA conforme a la Res. Ex. 574, solicitud de actividades de inspecci\u00f3n ambiental en terreno por la SMA u organismos encomendados.<\/p>\n<p>Adicionalmente, se entregaron datos estad\u00edsticos respecto de las denuncias, en cuanto a n\u00famero de denuncias ingresadas a la SMA entre los a\u00f1os 2013 y 2016, a las materias m\u00e1s denunciadas ante la SMA son ruidos molestos (43%); casos por elusi\u00f3n al Sistema de Evaluaci\u00f3n Ambiental (10%); olores molestos (9%); entre otros.<\/p>\n<p>Finalmente, se indic\u00f3 que la estructura institucional para la gesti\u00f3n de denuncias que ingresan a la SMA est\u00e1 en proceso de modificaci\u00f3n para el a\u00f1o 2017, con funciones distribuidas transversalmente en las distintas Divisiones y \u00c1reas de Trabajo, quedando la gesti\u00f3n primera de las mismas a cargo de las Oficinas Regionales de la SMA.<\/p>\n<p>En la sesi\u00f3n participaron nueve miembros del Consejo: Ezio Costa (ONG FIMA), presidente de la instancia para el per\u00edodo 2016-2018, Sergio Montenegro (Centro de Derecho Ambiental de la U. de Chile); Keyla Majluf (Asipec AG); Alejandra \u00c1vila (Colegio de Ge\u00f3logos); Jaime Esp\u00ednola (Asociaci\u00f3n de Generadoras); Josefa Gonz\u00e1lez (Fundaci\u00f3n Kennedy); Andr\u00e9s Hernando (CEP); Felipe Leiva (UDD); y Ana Mar\u00eda Mu\u00f1oz (CUT).<\/p>\n<p>Cabe destacar que dicho Consejo de la Sociedad Civil tiene un car\u00e1cter consultivo, representativo, plural y diverso. Y participa en los procesos de consulta de los planes, programas o pol\u00edticas en materia de seguimiento y fiscalizaci\u00f3n ambiental que la instituci\u00f3n estime pertinente. La instancia est\u00e1 integrada por 12 representantes de ONG, gremios, universidades y centros de estudio.<\/p>\n","protected":false},"excerpt":{"rendered":"<p>En la oportunidad, representantes del mundo acad\u00e9mico, centros de estudios, gremios y ONG, conocieron detalles de las modalidades de gesti\u00f3n de la SMA para la tramitaci\u00f3n de denuncias.<\/p>\n","protected":false},"author":3,"featured_media":16637,"comment_status":"open","ping_status":"open","sticky":false,"template":"","format":"standard","meta":{"footnotes":""},"categories":[94],"tags":[],"class_list":["post-16638","post","type-post","status-publish","format-standard","has-post-thumbnail","hentry","category-notas-noticias"],"_links":{"self":[{"href":"https:\/\/portal.sma.gob.cl\/index.php\/wp-json\/wp\/v2\/posts\/16638","targetHints":{"allow":["GET"]}}],"collection":[{"href":"https:\/\/portal.sma.gob.cl\/index.php\/wp-json\/wp\/v2\/posts"}],"about":[{"href":"https:\/\/portal.sma.gob.cl\/index.php\/wp-json\/wp\/v2\/types\/post"}],"author":[{"embeddable":true,"href":"https:\/\/portal.sma.gob.cl\/index.php\/wp-json\/wp\/v2\/users\/3"}],"replies":[{"embeddable":true,"href":"https:\/\/portal.sma.gob.cl\/index.php\/wp-json\/wp\/v2\/comments?post=16638"}],"version-history":[{"count":0,"href":"https:\/\/portal.sma.gob.cl\/index.php\/wp-json\/wp\/v2\/posts\/16638\/revisions"}],"wp:featuredmedia":[{"embeddable":true,"href":"https:\/\/portal.sma.gob.cl\/index.php\/wp-json\/wp\/v2\/media\/16637"}],"wp:attachment":[{"href":"https:\/\/portal.sma.gob.cl\/index.php\/wp-json\/wp\/v2\/media?parent=16638"}],"wp:term":[{"taxonomy":"category","embeddable":true,"href":"https:\/\/portal.sma.gob.cl\/index.php\/wp-json\/wp\/v2\/categories?post=16638"},{"taxonomy":"post_tag","embeddable":true,"href":"https:\/\/portal.sma.gob.cl\/index.php\/wp-json\/wp\/v2\/tags?post=16638"}],"curies":[{"name":"wp","href":"https:\/\/api.w.org\/{rel}","templated":true}]}}