{"id":16642,"date":"2017-01-11T20:53:31","date_gmt":"2017-01-11T20:53:31","guid":{"rendered":"https:\/\/portal.sma.gob.cl\/index.php\/2017\/01\/11\/antofagasta-sma-participa-en-taller-sobre-actualizacion-del-cumplimiento-de-la-normativa-ambiental-en-el-sector-energetico-y-minero\/"},"modified":"2017-01-11T20:53:31","modified_gmt":"2017-01-11T20:53:31","slug":"antofagasta-sma-participa-en-taller-sobre-actualizacion-del-cumplimiento-de-la-normativa-ambiental-en-el-sector-energetico-y-minero","status":"publish","type":"post","link":"https:\/\/portal.sma.gob.cl\/index.php\/antofagasta-sma-participa-en-taller-sobre-actualizacion-del-cumplimiento-de-la-normativa-ambiental-en-el-sector-energetico-y-minero\/","title":{"rendered":"ANTOFAGASTA: SMA participa en taller sobre \u201cActualizaci\u00f3n del Cumplimiento de la Normativa Ambiental en el sector Energ\u00e9tico y Minero\u201d"},"content":{"rendered":"<p style=\"text-align: justify;\"><strong><img decoding=\"async\" class=\"size-auto size-full wp-image-16641\" src=\"https:\/\/portal.sma.gob.cl\/wp-content\/uploads\/2017\/01\/tallerantofaNOTA.jpg\" alt=\"tallerantofaNOTA\" width=\"760\" height=\"360\" srcset=\"https:\/\/portal.sma.gob.cl\/wp-content\/uploads\/2017\/01\/tallerantofaNOTA-200x95.jpg 200w, https:\/\/portal.sma.gob.cl\/wp-content\/uploads\/2017\/01\/tallerantofaNOTA-300x142.jpg 300w, https:\/\/portal.sma.gob.cl\/wp-content\/uploads\/2017\/01\/tallerantofaNOTA-400x189.jpg 400w, https:\/\/portal.sma.gob.cl\/wp-content\/uploads\/2017\/01\/tallerantofaNOTA-600x284.jpg 600w, https:\/\/portal.sma.gob.cl\/wp-content\/uploads\/2017\/01\/tallerantofaNOTA.jpg 760w\" sizes=\"(max-width: 760px) 100vw, 760px\" \/><\/strong><\/p>\n<p style=\"text-align: justify;\"><strong>La actividad cont\u00f3 con m\u00e1s de 30 asistentes y ponencias del Intendente de la Regi\u00f3n, Arturo Molina, el Seremi de Medio Ambiente, Felipe Lerzundi, y de autoridades de distintos servicios p\u00fablicos de la Red Nacional de Fiscalizaci\u00f3n Ambiental.<\/strong><\/p>\n<p>  <!--more-->  <\/p>\n<p style=\"text-align: justify;\"><strong>Antofagasta, 11 de enero de 2017.<\/strong> Con un total de 33 asistentes representantes de empresas mineras y del rubro energ\u00e9tico de la Regi\u00f3n de Antofagasta se llev\u00f3 a cabo ayer el Seminario \u201cActualizaci\u00f3n del Cumplimiento de la Normativa Ambiental en el Sector Energ\u00e9tico y Minero\u201d.<\/p>\n<p style=\"text-align: justify;\">Este cont\u00f3 con la participaci\u00f3n del Intendente de la Regi\u00f3n de Antofagasta, Arturo Molina Henr\u00edquez; el SEREMI de Medio Ambiente, Felipe Lerzundi; y las ponencias del Jefe de Oficina Regional Antofagasta de la SMA, Ricardo Ortiz; junto a profesionales regionales de las Divisiones de Fiscalizaci\u00f3n y la de Sanci\u00f3n y Cumplimiento. Adem\u00e1s, en la sesi\u00f3n, expusieron profesionales del Sernageomin, DGA y Directemar, como parte de la Red Nacional de Fiscalizaci\u00f3n Ambiental (RENFA).<\/p>\n<p style=\"text-align: justify;\">Durante el desarrollo del evento se hizo un recorrido por los principales aspectos metodol\u00f3gicos para la ejecuci\u00f3n de las actividades de fiscalizaci\u00f3n ambiental, y un an\u00e1lisis cualitativo respecto del diagn\u00f3stico de los resultados de las fiscalizaciones ambientales desde la entrada en vigencia de la SMA, con el apoyo de la RENFA. En el \u00e1mbito de esta \u00faltima, se expusieron sus campos de competencia, siendo detallada adem\u00e1s la experiencia de cada Organismo Sectorial asistente en materias de fiscalizaci\u00f3n ambiental.<\/p>\n<p style=\"text-align: justify;\">El Jefe de Oficina Regional de la SMA, Ricardo Ortiz, enfatiz\u00f3 en su ponencia que \u201cla Superintendencia tiene un compromiso con promover el cumplimiento ambiental de sus empresas reguladas. En ese sentido, estamos ac\u00e1 exponiendo los resultados de las fiscalizaciones realizadas al sector minero y energ\u00e9tico, destacando qu\u00e9 espacios requieren mejoras a implementar por parte de las empresas, que son las primeras llamadas a cumplir la normativa\u201d. Tambi\u00e9n destac\u00f3 la importancia del modelo de fiscalizaci\u00f3n ambiental estrat\u00e9gica, y la participaci\u00f3n de la RENFA, como esfuerzo colaborativo del estado en la fiscalizaci\u00f3n ambiental en la Regi\u00f3n de Antofagasta.<\/p>\n<p style=\"text-align: justify;\">DESCARGAR PRESENTACIONES<\/p>\n<p style=\"text-align: justify;\"><a class=\"doclink\" href=\"index.php?option=com_docman&amp;task=doc_download&amp;gid=547&amp;Itemid=280\"><img decoding=\"async\" class=\" size-full wp-image-15480\" src=\"https:\/\/portal.sma.gob.cl\/wp-content\/uploads\/2012\/07\/pdf.png\" alt=\"icon\" border=\"0\" width=\"16\" height=\"16\" \/>&nbsp;01. Lineamientos Estrat\u00e9gicos<\/a><\/p>\n<p style=\"text-align: justify;\"><a class=\"doclink\" href=\"index.php?option=com_docman&amp;task=doc_download&amp;gid=548&amp;Itemid=280\"><img decoding=\"async\" class=\" size-full wp-image-15480\" src=\"https:\/\/portal.sma.gob.cl\/wp-content\/uploads\/2012\/07\/pdf.png\" alt=\"icon\" border=\"0\" width=\"16\" height=\"16\" \/>&nbsp;2. Comportamiento ambiental de regulados\/ Miner\u00eda y Energ\u00eda<\/a><\/p>\n<p style=\"text-align: justify;\"><a class=\"doclink\" href=\"index.php?option=com_docman&amp;task=doc_download&amp;gid=550&amp;Itemid=280\"><img decoding=\"async\" class=\" size-full wp-image-15480\" src=\"https:\/\/portal.sma.gob.cl\/wp-content\/uploads\/2012\/07\/pdf.png\" alt=\"icon\" border=\"0\" width=\"16\" height=\"16\" \/>&nbsp;2.2 Actualizaci\u00f3n de la normativa ambiental\/ Sector Miner\u00eda y Energ\u00eda<\/a><\/p>\n<p style=\"text-align: justify;\"><a class=\"doclink\" href=\"index.php?option=com_docman&amp;task=doc_download&amp;gid=549&amp;Itemid=280\"><img decoding=\"async\" class=\" size-full wp-image-15480\" src=\"https:\/\/portal.sma.gob.cl\/wp-content\/uploads\/2012\/07\/pdf.png\" alt=\"icon\" border=\"0\" width=\"16\" height=\"16\" \/>&nbsp;3. Presentci\u00f3n Sernageomin<\/a><\/p>\n<p style=\"text-align: justify;\"><a class=\"doclink\" href=\"index.php?option=com_docman&amp;task=doc_download&amp;gid=551&amp;Itemid=280\"><img decoding=\"async\" class=\" size-full wp-image-15480\" src=\"https:\/\/portal.sma.gob.cl\/wp-content\/uploads\/2012\/07\/pdf.png\" alt=\"icon\" border=\"0\" width=\"16\" height=\"16\" \/>&nbsp;4. Presentaci\u00f3n SMA-DGA<\/a><\/p>\n<p style=\"text-align: justify;\"><a class=\"doclink\" href=\"index.php?option=com_docman&amp;task=doc_download&amp;gid=552&amp;Itemid=280\"><img decoding=\"async\" class=\" size-full wp-image-15480\" src=\"https:\/\/portal.sma.gob.cl\/wp-content\/uploads\/2012\/07\/pdf.png\" alt=\"icon\" border=\"0\" width=\"16\" height=\"16\" \/>&nbsp;5. Presentaci\u00f3n Gobernaci\u00f3n Maritima<\/a><a class=\"doclink\" href=\"index.php?option=com_docman&amp;task=doc_download&amp;gid=552&amp;Itemid=280\"><br \/><\/a><\/p>\n<p style=\"text-align: justify;\">&nbsp;<\/p>\n<p style=\"text-align: justify;\">&nbsp;<\/p>\n","protected":false},"excerpt":{"rendered":"<p>La actividad cont\u00f3 con m\u00e1s de 30 asistentes y ponencias del Intendente de la Regi\u00f3n, Arturo Molina, el Seremi de Medio Ambiente, Felipe Lerzundi, y de autoridades de distintos servicios p\u00fablicos de la Red Nacional de Fiscalizaci\u00f3n Ambiental.<\/p>\n","protected":false},"author":3,"featured_media":16641,"comment_status":"open","ping_status":"open","sticky":false,"template":"","format":"standard","meta":{"footnotes":""},"categories":[94],"tags":[],"class_list":["post-16642","post","type-post","status-publish","format-standard","has-post-thumbnail","hentry","category-notas-noticias"],"_links":{"self":[{"href":"https:\/\/portal.sma.gob.cl\/index.php\/wp-json\/wp\/v2\/posts\/16642","targetHints":{"allow":["GET"]}}],"collection":[{"href":"https:\/\/portal.sma.gob.cl\/index.php\/wp-json\/wp\/v2\/posts"}],"about":[{"href":"https:\/\/portal.sma.gob.cl\/index.php\/wp-json\/wp\/v2\/types\/post"}],"author":[{"embeddable":true,"href":"https:\/\/portal.sma.gob.cl\/index.php\/wp-json\/wp\/v2\/users\/3"}],"replies":[{"embeddable":true,"href":"https:\/\/portal.sma.gob.cl\/index.php\/wp-json\/wp\/v2\/comments?post=16642"}],"version-history":[{"count":0,"href":"https:\/\/portal.sma.gob.cl\/index.php\/wp-json\/wp\/v2\/posts\/16642\/revisions"}],"wp:featuredmedia":[{"embeddable":true,"href":"https:\/\/portal.sma.gob.cl\/index.php\/wp-json\/wp\/v2\/media\/16641"}],"wp:attachment":[{"href":"https:\/\/portal.sma.gob.cl\/index.php\/wp-json\/wp\/v2\/media?parent=16642"}],"wp:term":[{"taxonomy":"category","embeddable":true,"href":"https:\/\/portal.sma.gob.cl\/index.php\/wp-json\/wp\/v2\/categories?post=16642"},{"taxonomy":"post_tag","embeddable":true,"href":"https:\/\/portal.sma.gob.cl\/index.php\/wp-json\/wp\/v2\/tags?post=16642"}],"curies":[{"name":"wp","href":"https:\/\/api.w.org\/{rel}","templated":true}]}}