{"id":16644,"date":"2017-01-13T14:52:16","date_gmt":"2017-01-13T14:52:16","guid":{"rendered":"https:\/\/portal.sma.gob.cl\/index.php\/2017\/01\/13\/sma-capacita-a-servicios-de-la-region-de-valparaiso-en-materia-de-olores\/"},"modified":"2017-01-13T14:52:16","modified_gmt":"2017-01-13T14:52:16","slug":"sma-capacita-a-servicios-de-la-region-de-valparaiso-en-materia-de-olores","status":"publish","type":"post","link":"https:\/\/portal.sma.gob.cl\/index.php\/sma-capacita-a-servicios-de-la-region-de-valparaiso-en-materia-de-olores\/","title":{"rendered":"SMA capacita a servicios de la Regi\u00f3n de Valpara\u00edso en materia de olores"},"content":{"rendered":"<p style=\"text-align: justify;\"><strong><img decoding=\"async\" class=\"size-auto size-full wp-image-16643\" src=\"https:\/\/portal.sma.gob.cl\/wp-content\/uploads\/2017\/01\/TallerValpoSlide.jpg\" alt=\"TallerValpoSlide\" width=\"680\" height=\"375\" srcset=\"https:\/\/portal.sma.gob.cl\/wp-content\/uploads\/2017\/01\/TallerValpoSlide-200x110.jpg 200w, https:\/\/portal.sma.gob.cl\/wp-content\/uploads\/2017\/01\/TallerValpoSlide-300x165.jpg 300w, https:\/\/portal.sma.gob.cl\/wp-content\/uploads\/2017\/01\/TallerValpoSlide-400x221.jpg 400w, https:\/\/portal.sma.gob.cl\/wp-content\/uploads\/2017\/01\/TallerValpoSlide-600x331.jpg 600w, https:\/\/portal.sma.gob.cl\/wp-content\/uploads\/2017\/01\/TallerValpoSlide.jpg 680w\" sizes=\"(max-width: 680px) 100vw, 680px\" \/><\/strong><\/p>\n<p style=\"text-align: justify;\"><strong>Participaron en el taller profesionales del Servicio de Evaluaci\u00f3n Ambiental y el SAG de la Regi\u00f3n de Valpara\u00edso.<\/strong><\/p>\n<p>  <!--more-->  <\/p>\n<p style=\"text-align: justify;\"><strong>Valpara\u00edso, 12 de enero de 2017.<\/strong> Con la participaci\u00f3n de funcionarios del Servicio de Evaluaci\u00f3n Ambiental y el Servicio Agr\u00edcola y Ganadero, ambos de la Regi\u00f3n de Valpara\u00edso, se desarroll\u00f3 una capacitaci\u00f3n de materia de evaluaci\u00f3n y fiscalizaci\u00f3n ambiental de olores, en dependencias de la Oficina Regional de la Superintendencia del Medio Ambiente.<\/p>\n<p style=\"text-align: justify;\">La capacitaci\u00f3n fue impartida bajo la modalidad de video conferencia desde la Unidad T\u00e9cnica de la SMA y su objetivo fue analizar las principales directrices normativas en la materia, y desde un punto de vista t\u00e9cnico, los principales par\u00e1metros utilizados para determinar en forma cualitativa y cuantitativa esta matriz ambiental, las t\u00e9cnicas de medici\u00f3n, las fuentes con potencial de impacto odorante y la experiencia de la SMA en la fiscalizaci\u00f3n de Resoluciones de Calificaci\u00f3n Ambiental de proyectos con impacto odorante.<\/p>\n<p style=\"text-align: justify;\">La capacitaci\u00f3n realizada fue considerada por la Oficina SMA Valpara\u00edso como \u201cuna instancia primordial para compartir experiencias y retroalimentar desde la fiscalizaci\u00f3n al SEIA, como herramienta preventiva de impactos ambientales, en la perspectiva de fortalecer la evaluaci\u00f3n de las medidas de control y seguimiento en materia de olor, a objeto de que las medidas que finalmente se plasmen en una Resoluci\u00f3n de Calificaci\u00f3n Ambiental contribuyan de manera efectiva a mejorar el control de este tipo de emisiones atmosf\u00e9ricas y asimismo a facilitar su posterior fiscalizaci\u00f3n por la SMA\u201d.<\/p>\n","protected":false},"excerpt":{"rendered":"<p>Participaron en el taller profesionales del Servicio de Evaluaci\u00f3n Ambiental y el SAG de la Regi\u00f3n de Valpara\u00edso.<\/p>\n","protected":false},"author":3,"featured_media":16643,"comment_status":"open","ping_status":"open","sticky":false,"template":"","format":"standard","meta":{"footnotes":""},"categories":[94],"tags":[],"class_list":["post-16644","post","type-post","status-publish","format-standard","has-post-thumbnail","hentry","category-notas-noticias"],"_links":{"self":[{"href":"https:\/\/portal.sma.gob.cl\/index.php\/wp-json\/wp\/v2\/posts\/16644","targetHints":{"allow":["GET"]}}],"collection":[{"href":"https:\/\/portal.sma.gob.cl\/index.php\/wp-json\/wp\/v2\/posts"}],"about":[{"href":"https:\/\/portal.sma.gob.cl\/index.php\/wp-json\/wp\/v2\/types\/post"}],"author":[{"embeddable":true,"href":"https:\/\/portal.sma.gob.cl\/index.php\/wp-json\/wp\/v2\/users\/3"}],"replies":[{"embeddable":true,"href":"https:\/\/portal.sma.gob.cl\/index.php\/wp-json\/wp\/v2\/comments?post=16644"}],"version-history":[{"count":0,"href":"https:\/\/portal.sma.gob.cl\/index.php\/wp-json\/wp\/v2\/posts\/16644\/revisions"}],"wp:featuredmedia":[{"embeddable":true,"href":"https:\/\/portal.sma.gob.cl\/index.php\/wp-json\/wp\/v2\/media\/16643"}],"wp:attachment":[{"href":"https:\/\/portal.sma.gob.cl\/index.php\/wp-json\/wp\/v2\/media?parent=16644"}],"wp:term":[{"taxonomy":"category","embeddable":true,"href":"https:\/\/portal.sma.gob.cl\/index.php\/wp-json\/wp\/v2\/categories?post=16644"},{"taxonomy":"post_tag","embeddable":true,"href":"https:\/\/portal.sma.gob.cl\/index.php\/wp-json\/wp\/v2\/tags?post=16644"}],"curies":[{"name":"wp","href":"https:\/\/api.w.org\/{rel}","templated":true}]}}