{"id":16656,"date":"2017-02-14T20:04:00","date_gmt":"2017-02-14T20:04:00","guid":{"rendered":"https:\/\/portal.sma.gob.cl\/index.php\/2017\/02\/14\/sma-formula-cargos-en-contra-de-enap-por-incumplimientos-ambientales-de-refineria-aconcagua\/"},"modified":"2017-02-14T20:04:00","modified_gmt":"2017-02-14T20:04:00","slug":"sma-formula-cargos-en-contra-de-enap-por-incumplimientos-ambientales-de-refineria-aconcagua","status":"publish","type":"post","link":"https:\/\/portal.sma.gob.cl\/index.php\/sma-formula-cargos-en-contra-de-enap-por-incumplimientos-ambientales-de-refineria-aconcagua\/","title":{"rendered":"SMA formula cargos en contra de ENAP por incumplimientos ambientales de Refiner\u00eda Aconcagua"},"content":{"rendered":"<p style=\"text-align: justify;\"><img decoding=\"async\" class=\"size-auto size-full wp-image-16655\" src=\"https:\/\/portal.sma.gob.cl\/wp-content\/uploads\/2017\/02\/enap-concon2.jpg\" alt=\"enap-concon2\" width=\"760\" height=\"360\" \/><\/p>\n<p style=\"text-align: justify;\"><strong>La Superintendencia del Medio Ambiente (SMA) detect\u00f3 distintos incumplimientos ambientales del proyecto ubicado en la comuna de Conc\u00f3n, Regi\u00f3n de Valpara\u00edso.<\/strong><\/p>\n<p>  <!--more-->  <\/p>\n<p style=\"text-align: justify;\"><strong>Santiago, 14 de febrero de 2017.<\/strong> La Superintendencia del Medio Ambiente (SMA) inici\u00f3 un procedimiento sancionatorio en contra de ENAP Refiner\u00edas S.A., propietaria de la Refiner\u00eda Aconcagua, ubicada en la comuna de Conc\u00f3n, Regi\u00f3n de Valpara\u00edso, tras detectar una serie de incumplimientos ambientales, asociados principalmente a emisiones atmosf\u00e9ricas y emisiones de ruido.<\/p>\n<p style=\"text-align: justify;\">Las fiscalizaciones a la Refiner\u00eda Aconcagua se llevaron a cabo por funcionarios de la SMA, en conjunto con la SEREMI de Salud, la Gobernaci\u00f3n Mar\u00edtima, la Direcci\u00f3n Regional del SAG, la SEREMI de Transporte y Telecomunicaciones, y la Direcci\u00f3n General de Aguas, todos de la Regi\u00f3n de Valpara\u00edso, comprendiendo tanto actividades de inspecci\u00f3n ambiental en terreno, como ex\u00e1menes de informaci\u00f3n de seguimiento ambiental, en los a\u00f1os 2013, 2014 y 2016. Asimismo, en esta formulaci\u00f3n de cargos, se tomaron en cuenta denuncias ciudadanas respecto de ruidos molestos producidos por la instalaci\u00f3n, como tambi\u00e9n de la Municipalidad de Conc\u00f3n, quien denunci\u00f3 a la SMA diversas materias, mayormente asociadas a emisiones atmosf\u00e9ricas.<\/p>\n<p style=\"text-align: justify;\">La formulaci\u00f3n de cargos de la SMA considera 17 infracciones imputadas a ENAP Refiner\u00edas. Entre ellas se encuentra la superaci\u00f3n de los niveles de emisi\u00f3n de material particulado, mon\u00f3xido de carbono, di\u00f3xido de nitr\u00f3geno y di\u00f3xido de azufre comprometidos para una de sus calderas; la superaci\u00f3n de los niveles de emisi\u00f3n de di\u00f3xido de azufre y \u00f3xidos de nitr\u00f3geno en la Unidad Recuperadora de Azufre (URA) N\u00b0 2; el inadecuado control de emisiones de hidrocarburos vol\u00e1tiles provenientes del estanque T-3350.<\/p>\n<p style=\"text-align: justify;\">Por otra parte, se imputa el incumplimiento de una serie de compromisos asumidos en relaci\u00f3n a emisiones de ruido, lo que se constata en las sostenidas excedencias de los niveles m\u00e1ximos permisibles de presi\u00f3n sonora corregida, tanto en horario diurno como nocturno, as\u00ed como la falta de aviso a las Autoridades competentes ante las excedencias constatadas, y la no implementaci\u00f3n de las medidas de control de emisiones sonoras comprometidas en una de sus calderas.<\/p>\n<p style=\"text-align: justify;\">Cabe recordar que la formulaci\u00f3n de cargos es el inicio de un procedimiento sancionatorio por parte de la SMA. En tanto, el infractor tendr\u00e1 10 d\u00edas de plazo para presentar un Programa de Cumplimiento, que es un plan de acciones y metas destinado por el titular a enmendar sus problemas mediante las inversiones necesarias para cumplir con la normativa aplicable. Si no opta por esa opci\u00f3n, cuenta con 15 d\u00edas de plazo para formular descargos ante esta Superintendencia, tras lo cual contin\u00faa el proceso sancionatorio hasta su t\u00e9rmino.<\/p>\n<p style=\"text-align: justify;\">Para mayores detalles, acceder a la formulaci\u00f3n de cargos en el <a href=\"http:\/\/snifa.sma.gob.cl\/v2\/UnidadFiscalizable\/Ficha\/1641\">Sistema Nacional de Informaci\u00f3n de Fiscalizaci\u00f3n Ambiental<\/a><\/p>\n","protected":false},"excerpt":{"rendered":"<p>La Superintendencia del Medio Ambiente (SMA) detect\u00f3 distintos incumplimientos ambientales del proyecto ubicado en la comuna de Conc\u00f3n, Regi\u00f3n de Valpara\u00edso.<\/p>\n","protected":false},"author":3,"featured_media":16655,"comment_status":"open","ping_status":"open","sticky":false,"template":"","format":"standard","meta":{"footnotes":""},"categories":[90],"tags":[],"class_list":["post-16656","post","type-post","status-publish","format-standard","has-post-thumbnail","hentry","category-comunicados-noticias"],"_links":{"self":[{"href":"https:\/\/portal.sma.gob.cl\/index.php\/wp-json\/wp\/v2\/posts\/16656","targetHints":{"allow":["GET"]}}],"collection":[{"href":"https:\/\/portal.sma.gob.cl\/index.php\/wp-json\/wp\/v2\/posts"}],"about":[{"href":"https:\/\/portal.sma.gob.cl\/index.php\/wp-json\/wp\/v2\/types\/post"}],"author":[{"embeddable":true,"href":"https:\/\/portal.sma.gob.cl\/index.php\/wp-json\/wp\/v2\/users\/3"}],"replies":[{"embeddable":true,"href":"https:\/\/portal.sma.gob.cl\/index.php\/wp-json\/wp\/v2\/comments?post=16656"}],"version-history":[{"count":0,"href":"https:\/\/portal.sma.gob.cl\/index.php\/wp-json\/wp\/v2\/posts\/16656\/revisions"}],"wp:featuredmedia":[{"embeddable":true,"href":"https:\/\/portal.sma.gob.cl\/index.php\/wp-json\/wp\/v2\/media\/16655"}],"wp:attachment":[{"href":"https:\/\/portal.sma.gob.cl\/index.php\/wp-json\/wp\/v2\/media?parent=16656"}],"wp:term":[{"taxonomy":"category","embeddable":true,"href":"https:\/\/portal.sma.gob.cl\/index.php\/wp-json\/wp\/v2\/categories?post=16656"},{"taxonomy":"post_tag","embeddable":true,"href":"https:\/\/portal.sma.gob.cl\/index.php\/wp-json\/wp\/v2\/tags?post=16656"}],"curies":[{"name":"wp","href":"https:\/\/api.w.org\/{rel}","templated":true}]}}